{"id":1777,"date":"2014-07-07T14:55:22","date_gmt":"2014-07-07T12:55:22","guid":{"rendered":"https:\/\/www.vanhellenberghubar.org\/?p=1777"},"modified":"2022-06-05T17:53:37","modified_gmt":"2022-06-05T15:53:37","slug":"lambert-lourijsen-zandvoort","status":"publish","type":"post","link":"https:\/\/www.vanhellenberghubar.org\/index.php\/lambert-lourijsen-zandvoort\/","title":{"rendered":"Lambert Lourijsen in Zandvoort"},"content":{"rendered":"<p><span style=\"color: #800000;\"><em>Lambert Lourijsen Zandvoort \u2014 <\/em><\/span>Onderstaand webartikel schreef ik in juli 2014. Het was heerlijk om wat dieper in het werk van Lambert Lourijsen te kunnen duiken, maar aan Pierre J.J.M. Cuypers kwam ik niet toe. Dat hebben we ingehaald met ons artikel in vakblad Vitruvius dat je op deze <a href=\"https:\/\/www.vanhellenberghubar.org\/index.php\/tussen-expressionisme-en-de-beuroner-school-vitruvius\/\">pagina<\/a> kunt lezen en downloaden. Onderstaande tekst is daarin voor een groot deel overgenomen.<\/p>\n<div id=\"ez-toc-container\" class=\"ez-toc-v2_0_82_2 counter-hierarchy ez-toc-counter ez-toc-custom ez-toc-container-direction\">\n<div class=\"ez-toc-title-container\">\n<p class=\"ez-toc-title\" style=\"cursor:inherit\">Table of Contents<\/p>\n<span class=\"ez-toc-title-toggle\"><a href=\"#\" class=\"ez-toc-pull-right ez-toc-btn ez-toc-btn-xs ez-toc-btn-default ez-toc-toggle\" aria-label=\"Toggle tabel met inhoud\"><span class=\"ez-toc-js-icon-con\"><span class=\"\"><span class=\"eztoc-hide\" style=\"display:none;\">Toggle<\/span><span class=\"ez-toc-icon-toggle-span\"><svg style=\"fill: #6c0001;color:#6c0001\" xmlns=\"http:\/\/www.w3.org\/2000\/svg\" class=\"list-377408\" width=\"20px\" height=\"20px\" viewBox=\"0 0 24 24\" fill=\"none\"><path d=\"M6 6H4v2h2V6zm14 0H8v2h12V6zM4 11h2v2H4v-2zm16 0H8v2h12v-2zM4 16h2v2H4v-2zm16 0H8v2h12v-2z\" fill=\"currentColor\"><\/path><\/svg><svg style=\"fill: #6c0001;color:#6c0001\" class=\"arrow-unsorted-368013\" xmlns=\"http:\/\/www.w3.org\/2000\/svg\" width=\"10px\" height=\"10px\" viewBox=\"0 0 24 24\" version=\"1.2\" baseProfile=\"tiny\"><path d=\"M18.2 9.3l-6.2-6.3-6.2 6.3c-.2.2-.3.4-.3.7s.1.5.3.7c.2.2.4.3.7.3h11c.3 0 .5-.1.7-.3.2-.2.3-.5.3-.7s-.1-.5-.3-.7zM5.8 14.7l6.2 6.3 6.2-6.3c.2-.2.3-.5.3-.7s-.1-.5-.3-.7c-.2-.2-.4-.3-.7-.3h-11c-.3 0-.5.1-.7.3-.2.2-.3.5-.3.7s.1.5.3.7z\"\/><\/svg><\/span><\/span><\/span><\/a><\/span><\/div>\n<nav><ul class='ez-toc-list ez-toc-list-level-1 ' ><li class='ez-toc-page-1 ez-toc-heading-level-3'><a class=\"ez-toc-link ez-toc-heading-1\" href=\"https:\/\/www.vanhellenberghubar.org\/index.php\/lambert-lourijsen-zandvoort\/#In_de_Agathakerk\" >In de Agathakerk<\/a><ul class='ez-toc-list-level-4' ><li class='ez-toc-heading-level-4'><a class=\"ez-toc-link ez-toc-heading-2\" href=\"https:\/\/www.vanhellenberghubar.org\/index.php\/lambert-lourijsen-zandvoort\/#Water\" >Water<\/a><\/li><li class='ez-toc-page-1 ez-toc-heading-level-4'><a class=\"ez-toc-link ez-toc-heading-3\" href=\"https:\/\/www.vanhellenberghubar.org\/index.php\/lambert-lourijsen-zandvoort\/#Collega_Jan_Loots\" >Collega Jan Loots<\/a><\/li><li class='ez-toc-page-1 ez-toc-heading-level-4'><a class=\"ez-toc-link ez-toc-heading-4\" href=\"https:\/\/www.vanhellenberghubar.org\/index.php\/lambert-lourijsen-zandvoort\/#Pictor_en_mozaist\" >Pictor en moza\u00efst<\/a><\/li><\/ul><\/li><li class='ez-toc-page-1 ez-toc-heading-level-3'><a class=\"ez-toc-link ez-toc-heading-5\" href=\"https:\/\/www.vanhellenberghubar.org\/index.php\/lambert-lourijsen-zandvoort\/#Referenties_en_vervolg\" >Referenties en vervolg<\/a><\/li><li class='ez-toc-page-1 ez-toc-heading-level-3'><a class=\"ez-toc-link ez-toc-heading-6\" href=\"https:\/\/www.vanhellenberghubar.org\/index.php\/lambert-lourijsen-zandvoort\/#Sociale_media_en_erfgoed\" >Sociale media en erfgoed<\/a><\/li><\/ul><\/nav><\/div>\n\n<p><span style=\"color: #800000;\"><em>Terugblik op 2014 \u2014<\/em>&nbsp;<\/span>Een aantal jaren geleden kwam mijn boek uit over &#8211; de restauratie van &#8211; de kathedrale basiliek Sint Bavo te Haarlem. Dit project betekende een boeiende tocht door de tijd, waarbij ik onderweg heel wat plaatsen aandeed. Met regelmaat kwam ik zaken tegen waar een verhaal bij hoorde, zoals het moza\u00efek van Lambert Lourijsen (1885-1950) in de Agathakerk te Zandvoort van Pierre J.J.M. Cuypers junior (1891-1982).<a href=\"#1\">1<\/a> Daarover gaat deze post.<\/p>\n<h3><span class=\"ez-toc-section\" id=\"In_de_Agathakerk\"><\/span>In de Agathakerk<span class=\"ez-toc-section-end\"><\/span><\/h3>\n<div id=\"attachment_16133\" style=\"width: 650px\" class=\"wp-caption alignnone\"><a href=\"https:\/\/i0.wp.com\/www.vanhellenberghubar.org\/wp-content\/uploads\/2019\/12\/14032915419_33dc5b226f_c.jpg?ssl=1\"><img data-recalc-dims=\"1\" loading=\"lazy\" decoding=\"async\" aria-describedby=\"caption-attachment-16133\" data-attachment-id=\"16133\" data-permalink=\"https:\/\/www.vanhellenberghubar.org\/index.php\/lambert-lourijsen-zandvoort\/14032915419_33dc5b226f_c\/#main\" data-orig-file=\"https:\/\/i0.wp.com\/www.vanhellenberghubar.org\/wp-content\/uploads\/2019\/12\/14032915419_33dc5b226f_c.jpg?fit=800%2C600&amp;ssl=1\" data-orig-size=\"800,600\" data-comments-opened=\"0\" data-image-meta=\"{&quot;aperture&quot;:&quot;0&quot;,&quot;credit&quot;:&quot;&quot;,&quot;camera&quot;:&quot;DMC-TZ7&quot;,&quot;caption&quot;:&quot;&quot;,&quot;created_timestamp&quot;:&quot;1400165022&quot;,&quot;copyright&quot;:&quot;&quot;,&quot;focal_length&quot;:&quot;4.1&quot;,&quot;iso&quot;:&quot;800&quot;,&quot;shutter_speed&quot;:&quot;0.125&quot;,&quot;title&quot;:&quot;&quot;,&quot;orientation&quot;:&quot;0&quot;}\" data-image-title=\"Lambert Lourijsen Zandvoort | Calvariegroep in de Agathakerk van Pierre J.J.M. Cuypers uit 1928. Foto bvhh.nu 2014.\" data-image-description=\"&lt;p&gt;#GvdS #nieuweBavo&lt;\/p&gt;\n\" data-image-caption=\"\" data-medium-file=\"https:\/\/i0.wp.com\/www.vanhellenberghubar.org\/wp-content\/uploads\/2019\/12\/14032915419_33dc5b226f_c.jpg?fit=800%2C600&amp;ssl=1\" data-large-file=\"https:\/\/i0.wp.com\/www.vanhellenberghubar.org\/wp-content\/uploads\/2019\/12\/14032915419_33dc5b226f_c.jpg?fit=640%2C480&amp;ssl=1\" class=\"wp-image-16133\" title=\"Lambert Lourijsen Zandvoort | Calvariegroep in de Agathakerk van Pierre J.J.M. Cuypers uit 1928. Foto bvhh.nu 2014.\" src=\"https:\/\/i0.wp.com\/www.vanhellenberghubar.org\/wp-content\/uploads\/2019\/12\/14032915419_33dc5b226f_c.jpg?resize=640%2C480&#038;ssl=1\" alt=\"\" width=\"640\" height=\"480\" srcset=\"https:\/\/i0.wp.com\/www.vanhellenberghubar.org\/wp-content\/uploads\/2019\/12\/14032915419_33dc5b226f_c.jpg?w=800&amp;ssl=1 800w, https:\/\/i0.wp.com\/www.vanhellenberghubar.org\/wp-content\/uploads\/2019\/12\/14032915419_33dc5b226f_c.jpg?resize=300%2C225&amp;ssl=1 300w, https:\/\/i0.wp.com\/www.vanhellenberghubar.org\/wp-content\/uploads\/2019\/12\/14032915419_33dc5b226f_c.jpg?resize=768%2C576&amp;ssl=1 768w\" sizes=\"auto, (max-width: 640px) 100vw, 640px\" \/><\/a><p id=\"caption-attachment-16133\" class=\"wp-caption-text\"><em>Lambert Lourijsen (1885-1950), Calvariegroep in de apsis van de <a href=\"https:\/\/www.vanhellenberghubar.org\/wp-content\/uploads\/2019\/12\/14032915419_33dc5b226f_c.jpg\" target=\"_blank\" rel=\"noopener\">Agathakerk<\/a> van Pierre Jean Joseph Michel Cuypers junior (1891-1982). De kerk dateert van 1928. Het moza\u00efek in de apsis is in hetzelfde jaar aangebracht, hetgeen voor de hand ligt bij een dergelijke prominente plaats voor de eredienst (foto bvhh.nu 2014)(Zie noot 1, Rondleiding p. 2.).<\/em><\/p><\/div>\n<p>Een van de dingen die me trof bij het Zandvoortse moza\u00efek van Lambert Lourijsen (1885-1950) was het verschil met zijn werk in het zelfde medium&nbsp; bij de Sacramentskapel van de nieuwe Bavo (1923-1926).<a href=\"https:\/\/www.vanhellenberghubar.org\/index.php\/beschermd-interieur-vakblad-vitruvius\/\">2<\/a> Op een grotendeels leeg, gouden veld staat een Calvariegroep afgebeeld, geflankeerd door twee zwevende opschriften: <span style=\"font-style: italic;\">adoramus te &#8211; Christe &#8211; et benedicimus tibi | quia per crucem tuam redemisti mundum<\/span> (wij aanbidden je, Christus, en verheerlijken je | omdat je door jouw kruis de wereld hebt gered). Wat vooral treft, is het pure en uiterst sobere karakter van dit werk, alsof we zomaar een sprong in de tijd maken en direct van 1928 doorschieten naar midden jaren &#8217;60, na het Tweede Vaticaans Concilie. In dit opzicht herinnert het aan het koormoza\u00efek van Piet Gerrits in de Gerardus Majella in Tilburg (1922-1933). In beide gevallen vormt de versobering het resultaat van de invloed van de Beuroner school. In <a href=\"https:\/\/www.vanhellenberghubar.org\/index.php\/projecten\/de-genade-van-de-steiger\/\" target=\"_blank\" rel=\"noopener\"><span style=\"font-style: italic;\">De genade van de steiger<\/span><\/a> heb ik uitgelegd dat de kerkelijke kunstenaars in Nederland niet zozeer de stijl als wel de mentaliteit van Beuron in hun werk hebben overgenomen.<a href=\"#3\">3<\/a>&nbsp;<\/p>\n<p>Dat betekende onder andere een herinterpretatie van de oude symbolische tweedeling van het gebouw, van strijdende kerk in het schip en overwinnende kerk in koor en apsis. In dit laatste compartiment van het gebouw werden voorstellingen op een strenge, gestileerde manier toegepast: statische figuren met verstilde gezichten en gebaren tegen een egaal, liefst gouden fond. Of het nu Jan Dunselman, Piet Gerrits of Lambert Lourijsen is, dit hebben ze gemeen. Bij Lourijsen gaat het echter niet zomaar om Beuron, maar om Beuron door het filter van Jan Toorop. Want ook dat is in <span style=\"font-style: italic;\">De genade van de steiger<\/span> te voorschijn gekomen: hoe sterk het (katholieke) oeuvre van Toorop doordrongen was van Beuron en hoe superbe hij die invloed heeft getransformeerd in zijn eigen stijl.<a href=\"#4\">4<\/a> De manier waarop Lourijsen van dit filter gebruik maakt, herinnert aan de Roomse Haagse school: de figuren worden haast tot op het bot gestileerd, omdat men meende dat dat tot een overtuigend ascetisch resultaat zou leiden. In het koor verkeerde men immers in hemelse sferen, waarin voor aardse massa&#8217;s geen plaats was. De verheven locatie vraagt ook om gesublimeerde emoties: dus geen heftige dramatiek rond de kruisdood van Christus, maar ingehouden smart. Dit was de nieuwe kerkelijke kunst van de jaren twintig. In de kunstkritiek was hier veel waardering voor, zelfs als men van neutrale, niet-roomse huize was.<a href=\"#5\">5<\/a> Er gingen echter vanaf 1925 ook tegenstemmen op, met name in kringen van <em>De Gemeenschap<\/em>, waar Jan Engelman het voortouw nam. In&nbsp;<em>De genade van de steiger<\/em> heb ik hierover onder meer het volgende geschreven:<\/p>\n<blockquote><p>In 1931 maakte Jan Engelman de balans op van tien jaar kunstproductie en constateerde dat katholiek Nederland doorgeschoten was toen er eindelijk ruimte kwam voor kunstenaars <em>\u2018die zich hadden afgewend van de historische stijlen\u2019<\/em>. De ernst waarmee men had ge\u00ebxperimenteerd, had geleid tot \u2018<em>veel godsdienstig bezielde kunst\u2019<\/em>, maar de nadruk lag te veel op godsdienst, meende hij niet zonder spijt. De vlam was er uitgedreven, zoals Engelman zei:<\/p>\n<p><em>\u2018Zoodat vele nieuwe kerken er nu uitzien als tempels eener gewilde monumentaliteit, met beelden en voorstellingen, waarvan de soberheid vergeefs een armoede van het hart tracht te verbergen. Men heeft op kunstmiddelen [bedoeld worden die van Toorop &#8211; BvHH], die onder bepaalde omstandigheden goed zouden kunnen zijn, systemen gebouwd en verzuimd de hoogstrevende intenties vast te leggen in materie die leeft, materie die den artist gaat aankijken, biologeeren en zijn vlam doet terugslaan&#8217;.<\/em><a href=\"#6\">6<\/a>&nbsp;<\/p><\/blockquote>\n<p>Hoewel Engelmans kritiek de basis legde voor een nieuw type kerkelijke kunst, richtte ze ook schade aan. Ruimte om het kaf van het koren te scheiden was er niet, dus alles ging de container in. Dit lot heeft het oeuvre van de hiervoor genoemde kunstenaars zeker niet verdiend, zoals ook hierna zal blijken.<\/p>\n<div id=\"attachment_11370\" style=\"width: 650px\" class=\"wp-caption alignnone\"><a href=\"https:\/\/i0.wp.com\/www.vanhellenberghubar.org\/wp-content\/uploads\/2014\/07\/Detail-van-de-zeven-waterstromen-van-de-Calvariegroep-van-Lambert-Lourijsen-in-de-Agathakerk-te-Zandvoort.-Foto-bvhh.nu-2014.jpg?ssl=1\"><img data-recalc-dims=\"1\" loading=\"lazy\" decoding=\"async\" aria-describedby=\"caption-attachment-11370\" data-attachment-id=\"11370\" data-permalink=\"https:\/\/www.vanhellenberghubar.org\/index.php\/lambert-lourijsen-zandvoort\/detail-van-de-zeven-waterstromen-van-de-calvariegroep-van-lambert-lourijsen-in-de-agathakerk-te-zandvoort-foto-bvhh-nu-2014\/#main\" data-orig-file=\"https:\/\/i0.wp.com\/www.vanhellenberghubar.org\/wp-content\/uploads\/2014\/07\/Detail-van-de-zeven-waterstromen-van-de-Calvariegroep-van-Lambert-Lourijsen-in-de-Agathakerk-te-Zandvoort.-Foto-bvhh.nu-2014.jpg?fit=800%2C600&amp;ssl=1\" data-orig-size=\"800,600\" data-comments-opened=\"0\" data-image-meta=\"{&quot;aperture&quot;:&quot;0&quot;,&quot;credit&quot;:&quot;&quot;,&quot;camera&quot;:&quot;&quot;,&quot;caption&quot;:&quot;&quot;,&quot;created_timestamp&quot;:&quot;0&quot;,&quot;copyright&quot;:&quot;&quot;,&quot;focal_length&quot;:&quot;0&quot;,&quot;iso&quot;:&quot;0&quot;,&quot;shutter_speed&quot;:&quot;0&quot;,&quot;title&quot;:&quot;&quot;,&quot;orientation&quot;:&quot;0&quot;}\" data-image-title=\"Lambert Lourijsen Zandvoort | Detail van de zeven watersprongen van de Calvariegroep (1928) in de Agathakerk te Zandvoort. bvhh.nu 2014.\" data-image-description=\"&lt;p&gt;Eventueel een keer vervangen door afbeelding hr uit de collectie van de nieuwe Bavo.&lt;\/p&gt;\n\" data-image-caption=\"\" data-medium-file=\"https:\/\/i0.wp.com\/www.vanhellenberghubar.org\/wp-content\/uploads\/2014\/07\/Detail-van-de-zeven-waterstromen-van-de-Calvariegroep-van-Lambert-Lourijsen-in-de-Agathakerk-te-Zandvoort.-Foto-bvhh.nu-2014.jpg?fit=600%2C450&amp;ssl=1\" data-large-file=\"https:\/\/i0.wp.com\/www.vanhellenberghubar.org\/wp-content\/uploads\/2014\/07\/Detail-van-de-zeven-waterstromen-van-de-Calvariegroep-van-Lambert-Lourijsen-in-de-Agathakerk-te-Zandvoort.-Foto-bvhh.nu-2014.jpg?fit=640%2C480&amp;ssl=1\" class=\"wp-image-11370\" title=\"Lambert Lourijsen Zandvoort | Detail van de zeven watersprongen van de Calvariegroep (1928) in de Agathakerk te Zandvoort. bvhh.nu 2014.\" src=\"https:\/\/i0.wp.com\/www.vanhellenberghubar.org\/wp-content\/uploads\/2014\/07\/Detail-van-de-zeven-waterstromen-van-de-Calvariegroep-van-Lambert-Lourijsen-in-de-Agathakerk-te-Zandvoort.-Foto-bvhh.nu-2014.jpg?resize=640%2C480&#038;ssl=1\" alt=\"Lambert Lourijsen Zandvoort | Detail van de zeven watersprongen van de Calvariegroep (1928) in de Agathakerk te Zandvoort. bvhh.nu 2014.\" width=\"640\" height=\"480\" srcset=\"https:\/\/i0.wp.com\/www.vanhellenberghubar.org\/wp-content\/uploads\/2014\/07\/Detail-van-de-zeven-waterstromen-van-de-Calvariegroep-van-Lambert-Lourijsen-in-de-Agathakerk-te-Zandvoort.-Foto-bvhh.nu-2014.jpg?w=800&amp;ssl=1 800w, https:\/\/i0.wp.com\/www.vanhellenberghubar.org\/wp-content\/uploads\/2014\/07\/Detail-van-de-zeven-waterstromen-van-de-Calvariegroep-van-Lambert-Lourijsen-in-de-Agathakerk-te-Zandvoort.-Foto-bvhh.nu-2014.jpg?resize=300%2C225&amp;ssl=1 300w, https:\/\/i0.wp.com\/www.vanhellenberghubar.org\/wp-content\/uploads\/2014\/07\/Detail-van-de-zeven-waterstromen-van-de-Calvariegroep-van-Lambert-Lourijsen-in-de-Agathakerk-te-Zandvoort.-Foto-bvhh.nu-2014.jpg?resize=600%2C450&amp;ssl=1 600w, https:\/\/i0.wp.com\/www.vanhellenberghubar.org\/wp-content\/uploads\/2014\/07\/Detail-van-de-zeven-waterstromen-van-de-Calvariegroep-van-Lambert-Lourijsen-in-de-Agathakerk-te-Zandvoort.-Foto-bvhh.nu-2014.jpg?resize=768%2C576&amp;ssl=1 768w\" sizes=\"auto, (max-width: 640px) 100vw, 640px\" \/><\/a><p id=\"caption-attachment-11370\" class=\"wp-caption-text\"><em>Detail van de zeven waterstromen van de Calvariegroep van Lambert Lourijsen in de Agathakerk te Zandvoort. Foto bvhh.nu 2014.<\/em><\/p><\/div>\n<h4><span class=\"ez-toc-section\" id=\"Water\"><\/span>Water<span class=\"ez-toc-section-end\"><\/span><\/h4>\n<p>Een mooi symbolisch detail is de transformatie van de Calvarieberg, waarop het kruis staat, in de fontein van overvloed. Opnieuw komen enkele collega&#8217;s van Lourijsen langs. In de Obrechtkerk te Amsterdam combineerde Kees Dunselman in 1921 op een soortgelijke manier de vier paradijsstromen met een ander prominent thema dat met water te maken had, namelijk het dorstige hert. Oftewel, zoals hun tijdgenoot, de iconograaf Mattheaus Nieuwbarn over dit dier schreef:<\/p>\n<blockquote><p><em>&#8216;Ook bekend symbool der vurige begeerte van de ziel naar de h. Kommunie, \u201cgelijk een hert verlangt naar de waterbronnen\u201d (des eeuwigen levens), vooral naar de zeven watersprongen der h. Sakramenten\u2019.<\/em><a href=\"#7\">7<\/a>&nbsp;<\/p><\/blockquote>\n<p>Zo vloeien de zeven stromen van de genade vanuit de bron die de Calvarieberg vormt langs de lambrisering het priesterkoor in. Je zou bijna zeggen dat in het abstracte moza\u00efek daaronder niet &#8211; zoals gebruikelijk &#8211; de aarde lijkt te zijn weergegeven, maar de wereld onder de waterspiegel, de zee.<\/p>\n<h4><span class=\"ez-toc-section\" id=\"Collega_Jan_Loots\"><\/span>Collega Jan Loots<span class=\"ez-toc-section-end\"><\/span><\/h4>\n<div id=\"attachment_16131\" style=\"width: 650px\" class=\"wp-caption alignnone\"><a href=\"https:\/\/i0.wp.com\/www.vanhellenberghubar.org\/wp-content\/uploads\/2019\/12\/14454191493_fca25f023b_o.jpg?ssl=1\"><img data-recalc-dims=\"1\" loading=\"lazy\" decoding=\"async\" aria-describedby=\"caption-attachment-16131\" data-attachment-id=\"16131\" data-permalink=\"https:\/\/www.vanhellenberghubar.org\/index.php\/lambert-lourijsen-zandvoort\/14454191493_fca25f023b_o\/#main\" data-orig-file=\"https:\/\/i0.wp.com\/www.vanhellenberghubar.org\/wp-content\/uploads\/2019\/12\/14454191493_fca25f023b_o.jpg?fit=3648%2C2736&amp;ssl=1\" data-orig-size=\"3648,2736\" data-comments-opened=\"0\" data-image-meta=\"{&quot;aperture&quot;:&quot;3.3&quot;,&quot;credit&quot;:&quot;&quot;,&quot;camera&quot;:&quot;DMC-TZ7&quot;,&quot;caption&quot;:&quot;&quot;,&quot;created_timestamp&quot;:&quot;1373901191&quot;,&quot;copyright&quot;:&quot;&quot;,&quot;focal_length&quot;:&quot;4.1&quot;,&quot;iso&quot;:&quot;800&quot;,&quot;shutter_speed&quot;:&quot;0.066666666666667&quot;,&quot;title&quot;:&quot;&quot;,&quot;orientation&quot;:&quot;1&quot;}\" data-image-title=\"14454191493_fca25f023b_o\" data-image-description=\"\" data-image-caption=\"\" data-medium-file=\"https:\/\/i0.wp.com\/www.vanhellenberghubar.org\/wp-content\/uploads\/2019\/12\/14454191493_fca25f023b_o.jpg?fit=800%2C600&amp;ssl=1\" data-large-file=\"https:\/\/i0.wp.com\/www.vanhellenberghubar.org\/wp-content\/uploads\/2019\/12\/14454191493_fca25f023b_o.jpg?fit=640%2C480&amp;ssl=1\" class=\"wp-image-16131 size-large\" title=\"Lambert Lourijsen Zandvoort | Jan Loots, Calvariegroep in het noordertransept van de nieuwe Bavo (circa 1925). bvhh.nu 2014.\" src=\"https:\/\/i0.wp.com\/www.vanhellenberghubar.org\/wp-content\/uploads\/2019\/12\/14454191493_fca25f023b_o.jpg?resize=640%2C480&#038;ssl=1\" alt=\"Lambert Lourijsen Zandvoort | Jan Loots, Calvariegroep in het noordertransept van de nieuwe Bavo (circa 1925). bvhh.nu 2014.\" width=\"640\" height=\"480\" srcset=\"https:\/\/i0.wp.com\/www.vanhellenberghubar.org\/wp-content\/uploads\/2019\/12\/14454191493_fca25f023b_o.jpg?resize=1024%2C768&amp;ssl=1 1024w, https:\/\/i0.wp.com\/www.vanhellenberghubar.org\/wp-content\/uploads\/2019\/12\/14454191493_fca25f023b_o.jpg?resize=300%2C225&amp;ssl=1 300w, https:\/\/i0.wp.com\/www.vanhellenberghubar.org\/wp-content\/uploads\/2019\/12\/14454191493_fca25f023b_o.jpg?resize=800%2C600&amp;ssl=1 800w, https:\/\/i0.wp.com\/www.vanhellenberghubar.org\/wp-content\/uploads\/2019\/12\/14454191493_fca25f023b_o.jpg?resize=768%2C576&amp;ssl=1 768w, https:\/\/i0.wp.com\/www.vanhellenberghubar.org\/wp-content\/uploads\/2019\/12\/14454191493_fca25f023b_o.jpg?w=1280&amp;ssl=1 1280w, https:\/\/i0.wp.com\/www.vanhellenberghubar.org\/wp-content\/uploads\/2019\/12\/14454191493_fca25f023b_o.jpg?w=1920&amp;ssl=1 1920w\" sizes=\"auto, (max-width: 640px) 100vw, 640px\" \/><\/a><p id=\"caption-attachment-16131\" class=\"wp-caption-text\"><em>Jan Loots, Calvariegroep boven de zogenaamde Mariapoort&nbsp; in het noordertransept van de nieuwe Bavo. ((Voor de benaming Mariapoort zie: Van der Boom, \u2018Moza\u00efek Jan Loots\u2019, in: Elsevier&#8217;s Ge\u00efllustreerd Maandschrift (1925) p. 294.)) Het werk werd uitgevoerd in moza\u00efek door de Venetiaan Victor Bonata van de firma Wilhelm in Keulen (circa 1925; de Christusfiguur werd pas in 1951 toegevoegd ter vervanging van een <a href=\"http:\/\/wp.me\/a4eh3s-E6\">houten corpus<\/a>). De omringende schilderingen zijn van de hand van Han Bijvoet (1952). Foto bvhh.nu 2014.<\/em><\/p><\/div>\n<p>Een iets vroeger voorbeeld is de voorstelling in het noordertransept van de nieuwe Bavo van Jan Loots, circa 1925 <a href=\"#8\">8<\/a>. Lourijsen heeft dit zeker gekend, omdat ook hij bij de kathedraal was betrokken. Het boogveld van de Mariapoort is afgezet met een tekstband waarin een zinsnede uit het Weesgegroet staat: <em>Sancta Maria mater dei ora pro nobis peccatoribus<\/em> (Heilige Maria, moeder van God, bid voor ons, zondaars). Bij de voorstelling heeft Loots het thema van de kruising en de waterbronnen verenigd met dat van de boom des levens. In de ranken &#8211; een geliefd Beuroner motief&nbsp;&#8211; is de tekst verwerkt die Christus aan het kruis tot zijn moeder en Johannes sprak: <em>Ecce mater tua<\/em> (zie hier je moeder). <em>Ecce filius tuus<\/em> (zie hier je zoon). De opgeheven handen van Maria verwijzen volgens een oud iconografisch schema naar haar onbevlekte ontvangenis, waarmee ook dat dogma een plaats kreeg.<a href=\"#9\">9<\/a><\/p>\n<p>Als we kijken naar de overeenkomsten met het werk van Lourijsen, dan gaat het ook hier om moza\u00efek, ook hier om een Calvariegroep, ook hier om de combinatie van de fontein van de genade, met de paradijsstromen en de zeven waterbronnen. Het was kennelijk een populaire iconografische variant onder de door Beuron ge\u00efnspireerde kunstenaars in de jaren twintig. Algemeen laat de kerkelijke kunst uit deze tijd verrassende iconografische combinaties zien. Vaak komt zoiets niet uit de lucht vallen, dus het roept de vraag op of er op dat moment vanuit Rome, of dichterbij, bepaalde geloofsthema&#8217;s zijn geactualiseerd die de kunstenaar op een meer aansprekende manier aan het kerkvolk kon overbrengen. Ook hiervoor bestond onder kunstcritici veel waardering.<a href=\"#10\">10<\/a>&nbsp;<\/p>\n<h4><span class=\"ez-toc-section\" id=\"Pictor_en_mozaist\"><\/span>Pictor en moza\u00efst<span class=\"ez-toc-section-end\"><\/span><\/h4>\n<div class=\"tiled-gallery type-square tiled-gallery-unresized\" data-original-width=\"640\" data-carousel-extra='{&quot;blog_id&quot;:1,&quot;permalink&quot;:&quot;https:\\\/\\\/www.vanhellenberghubar.org\\\/index.php\\\/lambert-lourijsen-zandvoort\\\/&quot;,&quot;likes_blog_id&quot;:62507498}' itemscope itemtype=\"http:\/\/schema.org\/ImageGallery\" > <div class=\"gallery-row\" style=\"width: 640px; height: 320px;\" data-original-width=\"640\" data-original-height=\"320\" > <div class=\"gallery-group\" style=\"width: 320px; height: 320px;\" data-original-width=\"320\" data-original-height=\"320\" > <div class=\"tiled-gallery-item \" itemprop=\"associatedMedia\" itemscope itemtype=\"http:\/\/schema.org\/ImageObject\"> <a href=\"https:\/\/www.vanhellenberghubar.org\/index.php\/lambert-lourijsen-zandvoort\/cuypers-heemstede-bvhh-15-mei-2014-158-large\/#main\" border=\"0\" itemprop=\"url\"> <meta itemprop=\"width\" content=\"316\"> <meta itemprop=\"height\" content=\"316\"> <img decoding=\"async\" class=\"\" data-attachment-id=\"2547\" data-orig-file=\"https:\/\/www.vanhellenberghubar.org\/wp-content\/uploads\/2015\/07\/Cuypers-Heemstede-bvhh-15-mei-2014-158-Large.jpg\" data-orig-size=\"1440,1080\" data-comments-opened=\"\" data-image-meta=\"{&quot;aperture&quot;:&quot;3.3&quot;,&quot;credit&quot;:&quot;&quot;,&quot;camera&quot;:&quot;DMC-TZ7&quot;,&quot;caption&quot;:&quot;&quot;,&quot;created_timestamp&quot;:&quot;1400165042&quot;,&quot;copyright&quot;:&quot;&quot;,&quot;focal_length&quot;:&quot;4.1&quot;,&quot;iso&quot;:&quot;800&quot;,&quot;shutter_speed&quot;:&quot;0.125&quot;,&quot;title&quot;:&quot;&quot;}\" data-image-title=\"Lambert Lourijsen Zandvoort | Signatuur van de pictor van de Calvariegroep (1928) in de Agathakerk te Zandvoort. bvhh.nu 2014.\" data-image-description=\"\" data-medium-file=\"https:\/\/i0.wp.com\/www.vanhellenberghubar.org\/wp-content\/uploads\/2015\/07\/Cuypers-Heemstede-bvhh-15-mei-2014-158-Large.jpg?fit=300%2C225&#038;ssl=1\" data-large-file=\"https:\/\/i0.wp.com\/www.vanhellenberghubar.org\/wp-content\/uploads\/2015\/07\/Cuypers-Heemstede-bvhh-15-mei-2014-158-Large.jpg?fit=640%2C480&#038;ssl=1\" src=\"https:\/\/i0.wp.com\/www.vanhellenberghubar.org\/wp-content\/uploads\/2015\/07\/Cuypers-Heemstede-bvhh-15-mei-2014-158-Large.jpg?w=316&#038;h=316&#038;crop=1&#038;ssl=1\" srcset=\"https:\/\/i0.wp.com\/www.vanhellenberghubar.org\/wp-content\/uploads\/2015\/07\/Cuypers-Heemstede-bvhh-15-mei-2014-158-Large.jpg?resize=149%2C149&amp;ssl=1 149w, https:\/\/i0.wp.com\/www.vanhellenberghubar.org\/wp-content\/uploads\/2015\/07\/Cuypers-Heemstede-bvhh-15-mei-2014-158-Large.jpg?zoom=2&amp;resize=316%2C316&amp;ssl=1 632w, https:\/\/i0.wp.com\/www.vanhellenberghubar.org\/wp-content\/uploads\/2015\/07\/Cuypers-Heemstede-bvhh-15-mei-2014-158-Large.jpg?zoom=3&amp;resize=316%2C316&amp;ssl=1 948w\" width=\"316\" height=\"316\" loading=\"lazy\" data-original-width=\"316\" data-original-height=\"316\" itemprop=\"http:\/\/schema.org\/image\" title=\"Lambert Lourijsen Zandvoort | Signatuur van de pictor van de Calvariegroep (1928) in de Agathakerk te Zandvoort. bvhh.nu 2014.\" alt=\"Lambert Lourijsen Zandvoort | Signatuur van de pictor van de Calvariegroep (1928) in de Agathakerk te Zandvoort. bvhh.nu 2014.\" style=\"width: 316px; height: 316px;\" \/> <\/a> <\/div> <\/div> <div class=\"gallery-group\" style=\"width: 320px; height: 320px;\" data-original-width=\"320\" data-original-height=\"320\" > <div class=\"tiled-gallery-item \" itemprop=\"associatedMedia\" itemscope itemtype=\"http:\/\/schema.org\/ImageObject\"> <a href=\"https:\/\/www.vanhellenberghubar.org\/index.php\/lambert-lourijsen-zandvoort\/cuypers-heemstede-bvhh-15-mei-2014-159-large\/#main\" border=\"0\" itemprop=\"url\"> <meta itemprop=\"width\" content=\"316\"> <meta itemprop=\"height\" content=\"316\"> <img decoding=\"async\" class=\"\" data-attachment-id=\"2548\" data-orig-file=\"https:\/\/www.vanhellenberghubar.org\/wp-content\/uploads\/2015\/07\/Cuypers-Heemstede-bvhh-15-mei-2014-159-Large.jpg\" data-orig-size=\"1440,1080\" data-comments-opened=\"\" data-image-meta=\"{&quot;aperture&quot;:&quot;3.3&quot;,&quot;credit&quot;:&quot;&quot;,&quot;camera&quot;:&quot;DMC-TZ7&quot;,&quot;caption&quot;:&quot;&quot;,&quot;created_timestamp&quot;:&quot;1400165064&quot;,&quot;copyright&quot;:&quot;&quot;,&quot;focal_length&quot;:&quot;4.1&quot;,&quot;iso&quot;:&quot;1600&quot;,&quot;shutter_speed&quot;:&quot;0.125&quot;,&quot;title&quot;:&quot;&quot;}\" data-image-title=\"Lambert Lourijsen Zandvoort | Naam van de maker van het moza\u00efek van de Calvariegroep (1928) in de Agathakerk te Zandvoort. bvhh.nu 2014.\" data-image-description=\"\" data-medium-file=\"https:\/\/i0.wp.com\/www.vanhellenberghubar.org\/wp-content\/uploads\/2015\/07\/Cuypers-Heemstede-bvhh-15-mei-2014-159-Large.jpg?fit=300%2C225&#038;ssl=1\" data-large-file=\"https:\/\/i0.wp.com\/www.vanhellenberghubar.org\/wp-content\/uploads\/2015\/07\/Cuypers-Heemstede-bvhh-15-mei-2014-159-Large.jpg?fit=640%2C480&#038;ssl=1\" src=\"https:\/\/i0.wp.com\/www.vanhellenberghubar.org\/wp-content\/uploads\/2015\/07\/Cuypers-Heemstede-bvhh-15-mei-2014-159-Large.jpg?w=316&#038;h=316&#038;crop=1&#038;ssl=1\" srcset=\"https:\/\/i0.wp.com\/www.vanhellenberghubar.org\/wp-content\/uploads\/2015\/07\/Cuypers-Heemstede-bvhh-15-mei-2014-159-Large.jpg?resize=149%2C149&amp;ssl=1 149w, https:\/\/i0.wp.com\/www.vanhellenberghubar.org\/wp-content\/uploads\/2015\/07\/Cuypers-Heemstede-bvhh-15-mei-2014-159-Large.jpg?zoom=2&amp;resize=316%2C316&amp;ssl=1 632w, https:\/\/i0.wp.com\/www.vanhellenberghubar.org\/wp-content\/uploads\/2015\/07\/Cuypers-Heemstede-bvhh-15-mei-2014-159-Large.jpg?zoom=3&amp;resize=316%2C316&amp;ssl=1 948w\" width=\"316\" height=\"316\" loading=\"lazy\" data-original-width=\"316\" data-original-height=\"316\" itemprop=\"http:\/\/schema.org\/image\" title=\"Lambert Lourijsen Zandvoort | Naam van de maker van het moza\u00efek van de Calvariegroep (1928) in de Agathakerk te Zandvoort. bvhh.nu 2014.\" alt=\"Lambert Lourijsen Zandvoort | Naam van de maker van het moza\u00efek van de Calvariegroep (1928) in de Agathakerk te Zandvoort. bvhh.nu 2014.\" style=\"width: 316px; height: 316px;\" \/> <\/a> <\/div> <\/div> <\/div> <\/div>\n<p><span style=\"font-size: 11pt;\"><i>Detail met de signatuur van de pictor, Lambert Lourijsen en van de moza\u00efst, de firma Beyer uit Keulen die dit werk uitvoerde in Venetiaans glas. <em>(Zie noot 1, Rondleiding p. 3).<\/em>&nbsp;Foto&#8217;s bvhh.nu 2014.<\/i><\/span><\/p>\n<p>Ondertussen is er ook een duidelijk verschil tussen de moza\u00efeken. Terwijl Loots koos voor de firma Wilhelm in Keulen, ging Lourijsen in zee met de concurrent uit dezelfde stad, de <em>Rheinische Mosaikwerkst\u00e4tte Peter Beyer &amp; Sohne<\/em>. Omdat Loots met dit bedrijf al zijn moza\u00efeken zou maken, ziet het er naar uit dat de bisschop bij de keuze van de uitvoering de kunstenaar het laatste woord gunde. ((Erftemeijer e.a., <em>Getooid als een bruid, <\/em>p. 233.)) Op dit punt kan een parallel getrokken worden met de productie van glas-in-lood, waar over het algemeen ook sprake was van twee zelfstandige actoren bij het maakproces. Een van de weinigen in Nederland die het werk van <em>pictor<\/em> en moza\u00efst in \u00e9\u00e9n hand hield, was Anton Molkenboer, over wie ik in een later stadium kom te spreken.<\/p>\n<div class=\"tiled-gallery type-rectangular tiled-gallery-unresized\" data-original-width=\"640\" data-carousel-extra='{&quot;blog_id&quot;:1,&quot;permalink&quot;:&quot;https:\\\/\\\/www.vanhellenberghubar.org\\\/index.php\\\/lambert-lourijsen-zandvoort\\\/&quot;,&quot;likes_blog_id&quot;:62507498}' itemscope itemtype=\"http:\/\/schema.org\/ImageGallery\" > <div class=\"gallery-row\" style=\"width: 640px; height: 425px;\" data-original-width=\"640\" data-original-height=\"425\" > <div class=\"gallery-group images-1\" style=\"width: 320px; height: 425px;\" data-original-width=\"320\" data-original-height=\"425\" > <div class=\"tiled-gallery-item tiled-gallery-item-large\" itemprop=\"associatedMedia\" itemscope itemtype=\"http:\/\/schema.org\/ImageObject\"> <a href=\"https:\/\/www.vanhellenberghubar.org\/index.php\/lambert-lourijsen-zandvoort\/cuypers-heemstede-bvhh-15-mei-2014-191-large\/#main\" border=\"0\" itemprop=\"url\"> <meta itemprop=\"width\" content=\"316\"> <meta itemprop=\"height\" content=\"421\"> <img decoding=\"async\" class=\"\" data-attachment-id=\"2725\" data-orig-file=\"https:\/\/www.vanhellenberghubar.org\/wp-content\/uploads\/2014\/07\/Cuypers-Heemstede-bvhh-15-mei-2014-191-Large.jpg\" data-orig-size=\"810,1080\" data-comments-opened=\"\" data-image-meta=\"{&quot;aperture&quot;:&quot;3.3&quot;,&quot;credit&quot;:&quot;&quot;,&quot;camera&quot;:&quot;DMC-TZ7&quot;,&quot;caption&quot;:&quot;&quot;,&quot;created_timestamp&quot;:&quot;1400166182&quot;,&quot;copyright&quot;:&quot;&quot;,&quot;focal_length&quot;:&quot;4.1&quot;,&quot;iso&quot;:&quot;800&quot;,&quot;shutter_speed&quot;:&quot;0.125&quot;,&quot;title&quot;:&quot;&quot;}\" data-image-title=\"Lambert Lourijsen Zandvoort | Vierde statie van de kruisweg (1949) in de Agathakerk te Zandvoort. bvhh.nu 2014.\" data-image-description=\"\" data-medium-file=\"https:\/\/i0.wp.com\/www.vanhellenberghubar.org\/wp-content\/uploads\/2014\/07\/Cuypers-Heemstede-bvhh-15-mei-2014-191-Large.jpg?fit=225%2C300&#038;ssl=1\" data-large-file=\"https:\/\/i0.wp.com\/www.vanhellenberghubar.org\/wp-content\/uploads\/2014\/07\/Cuypers-Heemstede-bvhh-15-mei-2014-191-Large.jpg?fit=640%2C853&#038;ssl=1\" src=\"https:\/\/i0.wp.com\/www.vanhellenberghubar.org\/wp-content\/uploads\/2014\/07\/Cuypers-Heemstede-bvhh-15-mei-2014-191-Large.jpg?w=316&#038;h=421&#038;ssl=1\" srcset=\"https:\/\/i0.wp.com\/www.vanhellenberghubar.org\/wp-content\/uploads\/2014\/07\/Cuypers-Heemstede-bvhh-15-mei-2014-191-Large.jpg?w=810&amp;ssl=1 810w, https:\/\/i0.wp.com\/www.vanhellenberghubar.org\/wp-content\/uploads\/2014\/07\/Cuypers-Heemstede-bvhh-15-mei-2014-191-Large.jpg?resize=225%2C300&amp;ssl=1 225w, https:\/\/i0.wp.com\/www.vanhellenberghubar.org\/wp-content\/uploads\/2014\/07\/Cuypers-Heemstede-bvhh-15-mei-2014-191-Large.jpg?resize=768%2C1024&amp;ssl=1 768w\" width=\"316\" height=\"421\" loading=\"lazy\" data-original-width=\"316\" data-original-height=\"421\" itemprop=\"http:\/\/schema.org\/image\" title=\"Lambert Lourijsen Zandvoort | Vierde statie van de kruisweg (1949) in de Agathakerk te Zandvoort. bvhh.nu 2014.\" alt=\"Lambert Lourijsen Zandvoort | Vierde statie van de kruisweg (1949) in de Agathakerk te Zandvoort. bvhh.nu 2014.\" style=\"width: 316px; height: 421px;\" \/> <\/a> <\/div> <\/div> <!-- close group --> <div class=\"gallery-group images-1\" style=\"width: 320px; height: 425px;\" data-original-width=\"320\" data-original-height=\"425\" > <div class=\"tiled-gallery-item tiled-gallery-item-large\" itemprop=\"associatedMedia\" itemscope itemtype=\"http:\/\/schema.org\/ImageObject\"> <a href=\"https:\/\/www.vanhellenberghubar.org\/index.php\/lambert-lourijsen-zandvoort\/cuypers-heemstede-bvhh-15-mei-2014-165-large\/#main\" border=\"0\" itemprop=\"url\"> <meta itemprop=\"width\" content=\"316\"> <meta itemprop=\"height\" content=\"421\"> <img decoding=\"async\" class=\"\" data-attachment-id=\"2726\" data-orig-file=\"https:\/\/www.vanhellenberghubar.org\/wp-content\/uploads\/2014\/07\/Cuypers-Heemstede-bvhh-15-mei-2014-165-Large.jpg\" data-orig-size=\"810,1080\" data-comments-opened=\"\" data-image-meta=\"{&quot;aperture&quot;:&quot;3.3&quot;,&quot;credit&quot;:&quot;&quot;,&quot;camera&quot;:&quot;DMC-TZ7&quot;,&quot;caption&quot;:&quot;&quot;,&quot;created_timestamp&quot;:&quot;1400165422&quot;,&quot;copyright&quot;:&quot;&quot;,&quot;focal_length&quot;:&quot;4.1&quot;,&quot;iso&quot;:&quot;800&quot;,&quot;shutter_speed&quot;:&quot;0.125&quot;,&quot;title&quot;:&quot;&quot;}\" data-image-title=\"Lambert Lourijsen Zandvoort | Veertiende statie van de kruisweg (1949) in de Agathakerk te Zandvoort. bvhh.nu 2014.\" data-image-description=\"\" data-medium-file=\"https:\/\/i0.wp.com\/www.vanhellenberghubar.org\/wp-content\/uploads\/2014\/07\/Cuypers-Heemstede-bvhh-15-mei-2014-165-Large.jpg?fit=225%2C300&#038;ssl=1\" data-large-file=\"https:\/\/i0.wp.com\/www.vanhellenberghubar.org\/wp-content\/uploads\/2014\/07\/Cuypers-Heemstede-bvhh-15-mei-2014-165-Large.jpg?fit=640%2C853&#038;ssl=1\" src=\"https:\/\/i0.wp.com\/www.vanhellenberghubar.org\/wp-content\/uploads\/2014\/07\/Cuypers-Heemstede-bvhh-15-mei-2014-165-Large.jpg?w=316&#038;h=421&#038;ssl=1\" srcset=\"https:\/\/i0.wp.com\/www.vanhellenberghubar.org\/wp-content\/uploads\/2014\/07\/Cuypers-Heemstede-bvhh-15-mei-2014-165-Large.jpg?w=810&amp;ssl=1 810w, https:\/\/i0.wp.com\/www.vanhellenberghubar.org\/wp-content\/uploads\/2014\/07\/Cuypers-Heemstede-bvhh-15-mei-2014-165-Large.jpg?resize=225%2C300&amp;ssl=1 225w, https:\/\/i0.wp.com\/www.vanhellenberghubar.org\/wp-content\/uploads\/2014\/07\/Cuypers-Heemstede-bvhh-15-mei-2014-165-Large.jpg?resize=768%2C1024&amp;ssl=1 768w\" width=\"316\" height=\"421\" loading=\"lazy\" data-original-width=\"316\" data-original-height=\"421\" itemprop=\"http:\/\/schema.org\/image\" title=\"Lambert Lourijsen Zandvoort | Veertiende statie van de kruisweg (1949) in de Agathakerk te Zandvoort. bvhh.nu 2014.\" alt=\"Lambert Lourijsen Zandvoort | Veertiende statie van de kruisweg (1949) in de Agathakerk te Zandvoort. bvhh.nu 2014.\" style=\"width: 316px; height: 421px;\" \/> <\/a> <\/div> <\/div> <!-- close group --> <\/div> <!-- close row --> <\/div>\n<p><span style=\"font-size: 11pt;\"><i>De kruiswegstaties van Lambert Lourijsen in de Agathakerk zijn uitgevoerd als sectieltableaus in opaalglas. Dit laatste medium kwam op in de jaren dertig met name dankzij Joep Nicolas. Het werken in sectiel herinnert aan Toorop die op dit punt ook de kruisweg van Han Bijvoet in de nieuwe Bavo be\u00efnvloed heeft. Bij de statie rechts staat rechtsonder het monogram van de kunstenaar en het jaartal 1949 <em>(Zie noot 1, Rondleiding p. 6).<\/em>&nbsp;Foto&#8217;s bvhh.nu 2014.<\/i><\/span><\/p>\n<p>Maar ook over Lourijsen ben ik nog niet uitgesproken. Want behalve het moza\u00efek in de apsis en de Jozefkapel heeft hij later de glas-in-loodramen van de Agathakerk ontworpen (1948) en de kruisweg (1949), tevens zijn allerlaatste werk.<a href=\"#11\">11<\/a>&nbsp;Uitgevoerd als sectieltableaus, tonen de staties hoe trouw Lourijsen is gebleven aan de stijl die hij onder invloed van Toorop en Beuron ontwikkelde. Dat dit late oeuvre niet gedateerd oogt, geeft nogmaals aan hoe sterk de nieuwe kerkelijke kunst van de jaren twintig lijkt te anticiperen op de versobering van Vaticanum II.<\/p>\n<p>Maar daarover vertel ik een andere keer.<\/p>\n<p>;-) B(&amp;M)<\/p>\n<p><a href=\"https:\/\/i0.wp.com\/vanhellenberghubar.org\/wp-content\/uploads\/2015\/09\/BVHH_logo_basis1-rapport-spiegel.png\"><img data-recalc-dims=\"1\" loading=\"lazy\" decoding=\"async\" data-attachment-id=\"6772\" data-permalink=\"https:\/\/www.vanhellenberghubar.org\/?attachment_id=6772#main\" data-orig-file=\"https:\/\/i0.wp.com\/www.vanhellenberghubar.org\/wp-content\/uploads\/2015\/09\/BVHH_logo_basis1-rapport-spiegel.png?fit=368%2C420&amp;ssl=1\" data-orig-size=\"368,420\" data-comments-opened=\"0\" data-image-meta=\"{&quot;aperture&quot;:&quot;0&quot;,&quot;credit&quot;:&quot;&quot;,&quot;camera&quot;:&quot;&quot;,&quot;caption&quot;:&quot;&quot;,&quot;created_timestamp&quot;:&quot;0&quot;,&quot;copyright&quot;:&quot;&quot;,&quot;focal_length&quot;:&quot;0&quot;,&quot;iso&quot;:&quot;0&quot;,&quot;shutter_speed&quot;:&quot;0&quot;,&quot;title&quot;:&quot;&quot;,&quot;orientation&quot;:&quot;0&quot;}\" data-image-title=\"BVHH_logo_basis1-rapport-spiegel\" data-image-description=\"\" data-image-caption=\"\" data-medium-file=\"https:\/\/i0.wp.com\/www.vanhellenberghubar.org\/wp-content\/uploads\/2015\/09\/BVHH_logo_basis1-rapport-spiegel.png?fit=368%2C420&amp;ssl=1\" data-large-file=\"https:\/\/i0.wp.com\/www.vanhellenberghubar.org\/wp-content\/uploads\/2015\/09\/BVHH_logo_basis1-rapport-spiegel.png?fit=368%2C420&amp;ssl=1\" class=\"alignnone wp-image-6772\" title=\"Vragen? Stuur een mailtje naar vanhellenberghubar.@gmail.com!\" src=\"https:\/\/i0.wp.com\/vanhellenberghubar.org\/wp-content\/uploads\/2015\/09\/BVHH_logo_basis1-rapport-spiegel-263x300.png?resize=71%2C81\" alt=\"Vragen? Stuur een mailtje naar bernadette@vanhellenberghubar.org!\" width=\"71\" height=\"81\" srcset=\"https:\/\/i0.wp.com\/www.vanhellenberghubar.org\/wp-content\/uploads\/2015\/09\/BVHH_logo_basis1-rapport-spiegel.png?resize=263%2C300&amp;ssl=1 263w, https:\/\/i0.wp.com\/www.vanhellenberghubar.org\/wp-content\/uploads\/2015\/09\/BVHH_logo_basis1-rapport-spiegel.png?w=368&amp;ssl=1 368w\" sizes=\"auto, (max-width: 71px) 100vw, 71px\" \/><\/a><\/p>\n<hr \/>\n<h3><span class=\"ez-toc-section\" id=\"Referenties_en_vervolg\"><\/span>Referenties en vervolg<span class=\"ez-toc-section-end\"><\/span><\/h3>\n<p>Noten:<\/p>\n<ul>\n<li><span id=\"1\" class=\"sta-anchor \" aria-hidden=\"true\"><\/span>Met dank aan Stephan van Rijt, koster van de nieuwe Bavo, die de excursie organiseerde naar het werk van vader Joseph en zoon Pierre Cuypers in Heemstede, Aerdenhout en Zandvoort. Voor Pierre J.J.M. Cuypers zie het lemma op <a href=\"http:\/\/nl.wikipedia.org\/wiki\/Pierre_Cuypers_jr.\" target=\"_blank\" rel=\"noopener\">Wikipedia<\/a>. Voor Lourijsen, die ook vermeld wordt als Lourysen en Lourijssen, zie het <a href=\"http:\/\/explore.rkd.nl\/explore\/artists\/51020\" target=\"_blank\" rel=\"noopener\">RKD<\/a>. Voorts Erftemeijer e.a., <em>Getooid als een bruid, <\/em>pp. 231-233; 233-235. Alweer een aantal jaren geleden, in juli 2018, werd een kleine tentoonstelling in de Agathakerk georganiseerd over het werk van Lambert Lourijsen. Een van de organisatoren, Dick Duijves, pastor emeritus, schreef een interessant stuk over dit initiatief om het 90-jarig bestaan van de kerk te herdenken. Meer daarover vind je onder deze <a href=\"https:\/\/drive.google.com\/open?id=1TJA64nOH22xg8dieJ1AflofW2bOxl9zd\" target=\"_blank\" rel=\"noopener\">link<\/a>.&nbsp;Over de kerk is een folder beschikbaar met mooie informatie: <em><a title=\"Informatieve folder Agathakerk Zandvoort\" href=\"https:\/\/drive.google.com\/open?id=0B1a4Z_e3ZHnZN1ZqNS1FMGJtd2c\" target=\"_blank\" rel=\"noopener\">Rondleiding<\/a> in de St. Agathakerk te Zandvoort. <\/em><\/li>\n<li><span id=\"2\" class=\"sta-anchor \" aria-hidden=\"true\"><\/span>Erftemeijer e.a.,<em> Getooid als een bruid<\/em>, pp. 233-235.<\/li>\n<li><span id=\"3\" class=\"sta-anchor \" aria-hidden=\"true\"><\/span>Hubar, <i>De genade van de steiger, <\/i>pp. 243-244; 253-254: Piet Gerrits respectievelijk in Tilburg en evaluatie van onder meer de Beuroner invloed; pp. 468-469: over de Beuroner school en haar invloed.<\/li>\n<li><span id=\"4\" class=\"sta-anchor \" aria-hidden=\"true\"><\/span>Hubar, <i>De genade van de steiger, <\/i>pp. 273-306: Toorop en (onder meer) Beuron.<\/li>\n<li><span id=\"5\" class=\"sta-anchor \" aria-hidden=\"true\"><\/span>Van der Boom, \u2018Moza\u00efek Jan Loots\u2019, in: <em>Elsevier&#8217;s Ge\u00efllustreerd Maandschrift<\/em> (1925) pp. 293-295. Voorts <a href=\"http:\/\/wp.me\/a4eh3s-E6\">http:\/\/wp.me\/a4eh3s-E6<\/a>.<\/li>\n<li><span id=\"6\" class=\"sta-anchor \" aria-hidden=\"true\"><\/span>Hubar, <i>De genade van de steiger, <\/i>p. 312.<\/li>\n<li><span id=\"7\" class=\"sta-anchor \" aria-hidden=\"true\"><\/span>Nieuwbarn, <em>Het Roomsche kerkgebouw<\/em>, p. 89.<\/li>\n<li><span id=\"8\" class=\"sta-anchor \" aria-hidden=\"true\"><\/span>Over Jan Loots zie Erftemeijer e.a., <em>Getooid als een bruid<\/em>, pp. 235-237. Voorts <a href=\"http:\/\/wp.me\/a4eh3s-E6\" target=\"_blank\" rel=\"noopener\">http:\/\/wp.me\/a4eh3s-E6<\/a>.<\/li>\n<li><span id=\"9\" class=\"sta-anchor \" aria-hidden=\"true\"><\/span>Hubar,<em> De genade van de steiger<\/em>, i.h.b. p. 255 (Beuroner motief); p. 201 (iconografie Maria onbevlekt ontvangen.. Erftemeijer e.a., Getooid als een bruid, p. 237.<\/li>\n<li><span id=\"10\" class=\"sta-anchor \" aria-hidden=\"true\"><\/span>Van der Boom, \u2018Moza\u00efek Jan Loots\u2019, in: <em>Elsevier&#8217;s Ge\u00efllustreerd Maandschrift<\/em> (1925) pp. 293-295. Voorts <a href=\"http:\/\/wp.me\/a4eh3s-E6\">http:\/\/wp.me\/a4eh3s-E6<\/a>.<\/li>\n<li><span id=\"11\" class=\"sta-anchor \" aria-hidden=\"true\"><\/span><em><a title=\"Informatieve folder Agathakerk Zandvoort\" href=\"https:\/\/drive.google.com\/open?id=0B1a4Z_e3ZHnZN1ZqNS1FMGJtd2c\" target=\"_blank\" rel=\"noopener\">Rondleiding<\/a><\/em> in de St. Agathakerk te Zandvoort, pp. 2-3; 6.<\/li>\n<\/ul>\n<p>In het vervolg verwacht ik nog een keer aandacht te besteden aan de volgende thema&#8217;s:<\/p>\n<ul>\n<li>het Beuroner motief van de ranken: zeker in combinatie met het kruis als boom des levens en de stromen is dat op zijn beurt vrijwel zeker ontleend aan het beroemde vroegchristelijke apsismoza\u00efek van de San Clemente te Rome, circa 1200. In&nbsp;<em>De genade van de steiger<\/em> verwijs ik naar het mausoleum van Galla Placida dat ook een goed referentiebeeld geeft, maar het apsismoza\u00efek van de San Clemente staat nog dichter bij het werk van Loots (Hubar,<em> De genade van de steiger<\/em>, i.h.b. p. 255. Zie voorts het lemma over de San Clemente op <a title=\"San Clemente Rome\" href=\"http:\/\/en.wikipedia.org\/wiki\/Basilica_of_San_Clemente\" target=\"_blank\" rel=\"noopener\">Wikipedia<\/a>).<\/li>\n<li>een heel bijzondere verwerking van dit Beuroner thema laat Charles Eyck zien met zijn schilderingen in Rumpen (Brunssum) in 1929 (Hubar,<em> De genade van de steiger<\/em>, i.h.b. pp. 254-260).<\/li>\n<\/ul>\n<p><span style=\"color: #800000;\"><em>Nota bene \u2014 <\/em><\/span> In de voetnoten gebruik ik onder meer verkorte titels die volledig aangehaald zijn in de <a title=\"Bibliografie\" href=\"https:\/\/www.vanhellenberghubar.org\/index.php\/toegang-op-de-site\/bibliografie\/\">bibliografie<\/a> van deze site.<\/p>\n<h3><span class=\"ez-toc-section\" id=\"Sociale_media_en_erfgoed\"><\/span>Sociale media en erfgoed<span class=\"ez-toc-section-end\"><\/span><\/h3>\n<p>Het bovenstaande item kan geciteerd worden als: Hubar, Bernadette van Hellenberg, &#8216;Lambert Lourijsen in Zandvoort&#8217;, op: <em>Vanhellenberghubar.org<\/em>: <span style=\"font-weight: 400;\">VanHH.org\/?p=1777 <\/span> (2014).<\/p>\n<p>VanHellenbergHubar.Org zet sociale media in zowel om nieuws over kunst, cultuur &amp; erfgoed te delen als om vragen te stellen en zo kennis te vergaren. Centraal hierin staat Facebook: <a href=\"https:\/\/bit.ly\/Facebook-VanHH2all\">https:\/\/bit.ly\/Facebook-VanHH2all<\/a><\/p>\n<p>Ga eens kijken en deel de berichten,&nbsp;zodat de berichten over onderwerpen als de voorgaande een nog grotere actieradius bereiken!<\/p>\n<p>Je kunt ons en andere onderzoekers ook helpen door deze pagina te delen via de knop <strong>delen<\/strong> <a href=\"#delen\">onderaan de pagina&nbsp;<\/a>(graag de hashtags #kennisuitwisseling #kerkelijkerfgoed #bescherming #monument gebruiken).<\/p>\n<p>Verkorte links van dit item: <span style=\"font-weight: 400;\"><strong>VanHH.org\/?p=1777<\/strong> | <\/span>bit.ly\/1QPcZRQ-VanHH2Org | http:\/\/wp.me\/p4eh3s-sF<\/p>\n<span id=\"delen\" class=\"sta-anchor \" aria-hidden=\"true\"><\/span>\n<p>&nbsp;<\/p>\n","protected":false},"excerpt":{"rendered":"<p>Lambert Lourijsen Zandvoort \u2014 Onderstaand webartikel schreef ik in juli 2014. Het was heerlijk om wat dieper in het werk van Lambert Lourijsen te kunnen duiken, maar aan Pierre J.J.M. Cuypers kwam ik niet toe. Dat hebben we ingehaald met ons artikel in vakblad Vitruvius dat je op deze pagina kunt lezen en downloaden. Onderstaande [&hellip;]<\/p>\n","protected":false},"author":2,"featured_media":11370,"comment_status":"closed","ping_status":"closed","sticky":false,"template":"","format":"standard","meta":{"ngg_post_thumbnail":0,"jetpack_post_was_ever_published":false,"_jetpack_newsletter_access":"","_jetpack_dont_email_post_to_subs":false,"_jetpack_newsletter_tier_id":0,"_jetpack_memberships_contains_paywalled_content":false,"_jetpack_memberships_contains_paid_content":false,"footnotes":""},"categories":[31,27,145,66,17,65],"tags":[157,61,150,149,52,156,147,146,148,805,60,158],"class_list":["post-1777","post","type-post","status-publish","format-standard","has-post-thumbnail","hentry","category-cuypers","category-genade-van-de-steiger","category-iconografie-2","category-interbellum-twintigste-eeuw","category-nieuwe-bavo","category-twintigste-eeuw","tag-a-van-der-boom","tag-agathakerk-zandvoort","tag-beuron","tag-beuroner-school","tag-iconografie","tag-jan-engelman","tag-jan-loots","tag-lambert-lourijsen","tag-mozaiek","tag-nieuwe-bavo","tag-pierre-j-j-m-cuypers-junior","tag-water"],"yoast_head":"<!-- This site is optimized with the Yoast SEO plugin v26.8 - https:\/\/yoast.com\/product\/yoast-seo-wordpress\/ -->\n<title>Lambert Lourijsen in Zandvoort - VanHellenbergHubar.org<\/title>\n<meta name=\"description\" content=\"Lambert Lourijsen | De karakteristieke kerk van Pierre Cuypers junior in Zandvoort is getooid met werk van Lambert Lourijsen!\" \/>\n<meta name=\"robots\" content=\"index, follow, max-snippet:-1, max-image-preview:large, max-video-preview:-1\" \/>\n<link rel=\"canonical\" href=\"https:\/\/www.vanhellenberghubar.org\/index.php\/lambert-lourijsen-zandvoort\/\" \/>\n<meta property=\"og:locale\" content=\"nl_NL\" \/>\n<meta property=\"og:type\" content=\"article\" \/>\n<meta property=\"og:title\" content=\"Lambert Lourijsen in Zandvoort - VanHellenbergHubar.org\" \/>\n<meta property=\"og:description\" content=\"Lambert Lourijsen | De karakteristieke kerk van Pierre Cuypers junior in Zandvoort is getooid met werk van Lambert Lourijsen!\" \/>\n<meta property=\"og:url\" content=\"https:\/\/www.vanhellenberghubar.org\/index.php\/lambert-lourijsen-zandvoort\/\" \/>\n<meta property=\"og:site_name\" content=\"VanHellenbergHubar.org\" \/>\n<meta property=\"article:publisher\" content=\"https:\/\/www.facebook.com\/bern4dette\" \/>\n<meta property=\"article:published_time\" content=\"2014-07-07T12:55:22+00:00\" \/>\n<meta property=\"article:modified_time\" content=\"2022-06-05T15:53:37+00:00\" \/>\n<meta property=\"og:image\" content=\"https:\/\/www.vanhellenberghubar.org\/wp-content\/uploads\/2014\/07\/Detail-van-de-zeven-waterstromen-van-de-Calvariegroep-van-Lambert-Lourijsen-in-de-Agathakerk-te-Zandvoort.-Foto-bvhh.nu-2014.jpg\" \/>\n\t<meta property=\"og:image:width\" content=\"800\" \/>\n\t<meta property=\"og:image:height\" content=\"600\" \/>\n\t<meta property=\"og:image:type\" content=\"image\/jpeg\" \/>\n<meta name=\"author\" content=\"Bernadette van Hellenberg Hubar\" \/>\n<meta name=\"twitter:label1\" content=\"Geschreven door\" \/>\n\t<meta name=\"twitter:data1\" content=\"Bernadette van Hellenberg Hubar\" \/>\n\t<meta name=\"twitter:label2\" content=\"Geschatte leestijd\" \/>\n\t<meta name=\"twitter:data2\" content=\"13 minuten\" \/>\n<script type=\"application\/ld+json\" class=\"yoast-schema-graph\">{\"@context\":\"https:\/\/schema.org\",\"@graph\":[{\"@type\":\"Article\",\"@id\":\"https:\/\/www.vanhellenberghubar.org\/index.php\/lambert-lourijsen-zandvoort\/#article\",\"isPartOf\":{\"@id\":\"https:\/\/www.vanhellenberghubar.org\/index.php\/lambert-lourijsen-zandvoort\/\"},\"author\":{\"name\":\"Bernadette van Hellenberg Hubar\",\"@id\":\"https:\/\/www.vanhellenberghubar.org\/#\/schema\/person\/3752ea7cb477fa62300b028aa62a0ce4\"},\"headline\":\"Lambert Lourijsen in Zandvoort\",\"datePublished\":\"2014-07-07T12:55:22+00:00\",\"dateModified\":\"2022-06-05T15:53:37+00:00\",\"mainEntityOfPage\":{\"@id\":\"https:\/\/www.vanhellenberghubar.org\/index.php\/lambert-lourijsen-zandvoort\/\"},\"wordCount\":2364,\"publisher\":{\"@id\":\"https:\/\/www.vanhellenberghubar.org\/#organization\"},\"image\":{\"@id\":\"https:\/\/www.vanhellenberghubar.org\/index.php\/lambert-lourijsen-zandvoort\/#primaryimage\"},\"thumbnailUrl\":\"https:\/\/i0.wp.com\/www.vanhellenberghubar.org\/wp-content\/uploads\/2014\/07\/Detail-van-de-zeven-waterstromen-van-de-Calvariegroep-van-Lambert-Lourijsen-in-de-Agathakerk-te-Zandvoort.-Foto-bvhh.nu-2014.jpg?fit=800%2C600&ssl=1\",\"keywords\":[\"A. van der Boom\",\"Agathakerk Zandvoort\",\"Beuron\",\"Beuroner school\",\"iconografie\",\"Jan Engelman\",\"Jan Loots\",\"Lambert Lourijsen\",\"moza\u00efek\",\"nieuwe Bavo\",\"Pierre J.J.M. Cuypers junior\",\"water\"],\"articleSection\":[\"Cuypers\",\"Genade van de steiger\",\"Iconografie\",\"Interbellum\",\"Nieuwe Bavo\",\"Twintigste eeuw\"],\"inLanguage\":\"nl-NL\"},{\"@type\":\"WebPage\",\"@id\":\"https:\/\/www.vanhellenberghubar.org\/index.php\/lambert-lourijsen-zandvoort\/\",\"url\":\"https:\/\/www.vanhellenberghubar.org\/index.php\/lambert-lourijsen-zandvoort\/\",\"name\":\"Lambert Lourijsen in Zandvoort - VanHellenbergHubar.org\",\"isPartOf\":{\"@id\":\"https:\/\/www.vanhellenberghubar.org\/#website\"},\"primaryImageOfPage\":{\"@id\":\"https:\/\/www.vanhellenberghubar.org\/index.php\/lambert-lourijsen-zandvoort\/#primaryimage\"},\"image\":{\"@id\":\"https:\/\/www.vanhellenberghubar.org\/index.php\/lambert-lourijsen-zandvoort\/#primaryimage\"},\"thumbnailUrl\":\"https:\/\/i0.wp.com\/www.vanhellenberghubar.org\/wp-content\/uploads\/2014\/07\/Detail-van-de-zeven-waterstromen-van-de-Calvariegroep-van-Lambert-Lourijsen-in-de-Agathakerk-te-Zandvoort.-Foto-bvhh.nu-2014.jpg?fit=800%2C600&ssl=1\",\"datePublished\":\"2014-07-07T12:55:22+00:00\",\"dateModified\":\"2022-06-05T15:53:37+00:00\",\"description\":\"Lambert Lourijsen | De karakteristieke kerk van Pierre Cuypers junior in Zandvoort is getooid met werk van Lambert Lourijsen!\",\"breadcrumb\":{\"@id\":\"https:\/\/www.vanhellenberghubar.org\/index.php\/lambert-lourijsen-zandvoort\/#breadcrumb\"},\"inLanguage\":\"nl-NL\",\"potentialAction\":[{\"@type\":\"ReadAction\",\"target\":[\"https:\/\/www.vanhellenberghubar.org\/index.php\/lambert-lourijsen-zandvoort\/\"]}]},{\"@type\":\"ImageObject\",\"inLanguage\":\"nl-NL\",\"@id\":\"https:\/\/www.vanhellenberghubar.org\/index.php\/lambert-lourijsen-zandvoort\/#primaryimage\",\"url\":\"https:\/\/i0.wp.com\/www.vanhellenberghubar.org\/wp-content\/uploads\/2014\/07\/Detail-van-de-zeven-waterstromen-van-de-Calvariegroep-van-Lambert-Lourijsen-in-de-Agathakerk-te-Zandvoort.-Foto-bvhh.nu-2014.jpg?fit=800%2C600&ssl=1\",\"contentUrl\":\"https:\/\/i0.wp.com\/www.vanhellenberghubar.org\/wp-content\/uploads\/2014\/07\/Detail-van-de-zeven-waterstromen-van-de-Calvariegroep-van-Lambert-Lourijsen-in-de-Agathakerk-te-Zandvoort.-Foto-bvhh.nu-2014.jpg?fit=800%2C600&ssl=1\",\"width\":800,\"height\":600,\"caption\":\"Lambert Lourijsen Zandvoort | Detail van de zeven watersprongen van de Calvariegroep (1928) in de Agathakerk te Zandvoort. bvhh.nu 2014.\"},{\"@type\":\"BreadcrumbList\",\"@id\":\"https:\/\/www.vanhellenberghubar.org\/index.php\/lambert-lourijsen-zandvoort\/#breadcrumb\",\"itemListElement\":[{\"@type\":\"ListItem\",\"position\":1,\"name\":\"Home\",\"item\":\"https:\/\/www.vanhellenberghubar.org\/\"},{\"@type\":\"ListItem\",\"position\":2,\"name\":\"Lambert Lourijsen in Zandvoort\"}]},{\"@type\":\"WebSite\",\"@id\":\"https:\/\/www.vanhellenberghubar.org\/#website\",\"url\":\"https:\/\/www.vanhellenberghubar.org\/\",\"name\":\"VanHellenbergHubar.org\",\"description\":\"Kunst, cultuur &amp; erfgoed\",\"publisher\":{\"@id\":\"https:\/\/www.vanhellenberghubar.org\/#organization\"},\"potentialAction\":[{\"@type\":\"SearchAction\",\"target\":{\"@type\":\"EntryPoint\",\"urlTemplate\":\"https:\/\/www.vanhellenberghubar.org\/?s={search_term_string}\"},\"query-input\":{\"@type\":\"PropertyValueSpecification\",\"valueRequired\":true,\"valueName\":\"search_term_string\"}}],\"inLanguage\":\"nl-NL\"},{\"@type\":\"Organization\",\"@id\":\"https:\/\/www.vanhellenberghubar.org\/#organization\",\"name\":\"VanHellenbergHubar.Org\",\"url\":\"https:\/\/www.vanhellenberghubar.org\/\",\"logo\":{\"@type\":\"ImageObject\",\"inLanguage\":\"nl-NL\",\"@id\":\"https:\/\/www.vanhellenberghubar.org\/#\/schema\/logo\/image\/\",\"url\":\"https:\/\/i1.wp.com\/www.vanhellenberghubar.org\/wp-content\/uploads\/2015\/11\/BVHH_logo_basis1-kleiner.png?fit=456%2C506&ssl=1\",\"contentUrl\":\"https:\/\/i1.wp.com\/www.vanhellenberghubar.org\/wp-content\/uploads\/2015\/11\/BVHH_logo_basis1-kleiner.png?fit=456%2C506&ssl=1\",\"width\":456,\"height\":506,\"caption\":\"VanHellenbergHubar.Org\"},\"image\":{\"@id\":\"https:\/\/www.vanhellenberghubar.org\/#\/schema\/logo\/image\/\"},\"sameAs\":[\"https:\/\/www.facebook.com\/bern4dette\",\"https:\/\/x.com\/Bern4dette\",\"https:\/\/www.instagram.com\/bernadettevanhellenberghubar\/\",\"https:\/\/www.linkedin.com\/in\/vanhellenberghubar\/\",\"https:\/\/nl.pinterest.com\/bern4dette\/\",\"https:\/\/www.youtube.com\/channel\/UCYTa5JeAX_BImf33KUQDBYA\"]},{\"@type\":\"Person\",\"@id\":\"https:\/\/www.vanhellenberghubar.org\/#\/schema\/person\/3752ea7cb477fa62300b028aa62a0ce4\",\"name\":\"Bernadette van Hellenberg Hubar\",\"image\":{\"@type\":\"ImageObject\",\"inLanguage\":\"nl-NL\",\"@id\":\"https:\/\/www.vanhellenberghubar.org\/#\/schema\/person\/image\/\",\"url\":\"https:\/\/secure.gravatar.com\/avatar\/a2977f4ff446f2132f21b03611214ec4?s=96&r=g\",\"contentUrl\":\"https:\/\/secure.gravatar.com\/avatar\/a2977f4ff446f2132f21b03611214ec4?s=96&r=g\",\"caption\":\"Bernadette van Hellenberg Hubar\"},\"sameAs\":[\"https:\/\/www.vanhellenberghubar.org\"],\"url\":\"https:\/\/www.vanhellenberghubar.org\/index.php\/author\/bernadette\/\"}]}<\/script>\n<!-- \/ Yoast SEO plugin. -->","yoast_head_json":{"title":"Lambert Lourijsen in Zandvoort - VanHellenbergHubar.org","description":"Lambert Lourijsen | De karakteristieke kerk van Pierre Cuypers junior in Zandvoort is getooid met werk van Lambert Lourijsen!","robots":{"index":"index","follow":"follow","max-snippet":"max-snippet:-1","max-image-preview":"max-image-preview:large","max-video-preview":"max-video-preview:-1"},"canonical":"https:\/\/www.vanhellenberghubar.org\/index.php\/lambert-lourijsen-zandvoort\/","og_locale":"nl_NL","og_type":"article","og_title":"Lambert Lourijsen in Zandvoort - VanHellenbergHubar.org","og_description":"Lambert Lourijsen | De karakteristieke kerk van Pierre Cuypers junior in Zandvoort is getooid met werk van Lambert Lourijsen!","og_url":"https:\/\/www.vanhellenberghubar.org\/index.php\/lambert-lourijsen-zandvoort\/","og_site_name":"VanHellenbergHubar.org","article_publisher":"https:\/\/www.facebook.com\/bern4dette","article_published_time":"2014-07-07T12:55:22+00:00","article_modified_time":"2022-06-05T15:53:37+00:00","og_image":[{"width":800,"height":600,"url":"https:\/\/www.vanhellenberghubar.org\/wp-content\/uploads\/2014\/07\/Detail-van-de-zeven-waterstromen-van-de-Calvariegroep-van-Lambert-Lourijsen-in-de-Agathakerk-te-Zandvoort.-Foto-bvhh.nu-2014.jpg","type":"image\/jpeg"}],"author":"Bernadette van Hellenberg Hubar","twitter_misc":{"Geschreven door":"Bernadette van Hellenberg Hubar","Geschatte leestijd":"13 minuten"},"schema":{"@context":"https:\/\/schema.org","@graph":[{"@type":"Article","@id":"https:\/\/www.vanhellenberghubar.org\/index.php\/lambert-lourijsen-zandvoort\/#article","isPartOf":{"@id":"https:\/\/www.vanhellenberghubar.org\/index.php\/lambert-lourijsen-zandvoort\/"},"author":{"name":"Bernadette van Hellenberg Hubar","@id":"https:\/\/www.vanhellenberghubar.org\/#\/schema\/person\/3752ea7cb477fa62300b028aa62a0ce4"},"headline":"Lambert Lourijsen in Zandvoort","datePublished":"2014-07-07T12:55:22+00:00","dateModified":"2022-06-05T15:53:37+00:00","mainEntityOfPage":{"@id":"https:\/\/www.vanhellenberghubar.org\/index.php\/lambert-lourijsen-zandvoort\/"},"wordCount":2364,"publisher":{"@id":"https:\/\/www.vanhellenberghubar.org\/#organization"},"image":{"@id":"https:\/\/www.vanhellenberghubar.org\/index.php\/lambert-lourijsen-zandvoort\/#primaryimage"},"thumbnailUrl":"https:\/\/i0.wp.com\/www.vanhellenberghubar.org\/wp-content\/uploads\/2014\/07\/Detail-van-de-zeven-waterstromen-van-de-Calvariegroep-van-Lambert-Lourijsen-in-de-Agathakerk-te-Zandvoort.-Foto-bvhh.nu-2014.jpg?fit=800%2C600&ssl=1","keywords":["A. van der Boom","Agathakerk Zandvoort","Beuron","Beuroner school","iconografie","Jan Engelman","Jan Loots","Lambert Lourijsen","moza\u00efek","nieuwe Bavo","Pierre J.J.M. Cuypers junior","water"],"articleSection":["Cuypers","Genade van de steiger","Iconografie","Interbellum","Nieuwe Bavo","Twintigste eeuw"],"inLanguage":"nl-NL"},{"@type":"WebPage","@id":"https:\/\/www.vanhellenberghubar.org\/index.php\/lambert-lourijsen-zandvoort\/","url":"https:\/\/www.vanhellenberghubar.org\/index.php\/lambert-lourijsen-zandvoort\/","name":"Lambert Lourijsen in Zandvoort - VanHellenbergHubar.org","isPartOf":{"@id":"https:\/\/www.vanhellenberghubar.org\/#website"},"primaryImageOfPage":{"@id":"https:\/\/www.vanhellenberghubar.org\/index.php\/lambert-lourijsen-zandvoort\/#primaryimage"},"image":{"@id":"https:\/\/www.vanhellenberghubar.org\/index.php\/lambert-lourijsen-zandvoort\/#primaryimage"},"thumbnailUrl":"https:\/\/i0.wp.com\/www.vanhellenberghubar.org\/wp-content\/uploads\/2014\/07\/Detail-van-de-zeven-waterstromen-van-de-Calvariegroep-van-Lambert-Lourijsen-in-de-Agathakerk-te-Zandvoort.-Foto-bvhh.nu-2014.jpg?fit=800%2C600&ssl=1","datePublished":"2014-07-07T12:55:22+00:00","dateModified":"2022-06-05T15:53:37+00:00","description":"Lambert Lourijsen | De karakteristieke kerk van Pierre Cuypers junior in Zandvoort is getooid met werk van Lambert Lourijsen!","breadcrumb":{"@id":"https:\/\/www.vanhellenberghubar.org\/index.php\/lambert-lourijsen-zandvoort\/#breadcrumb"},"inLanguage":"nl-NL","potentialAction":[{"@type":"ReadAction","target":["https:\/\/www.vanhellenberghubar.org\/index.php\/lambert-lourijsen-zandvoort\/"]}]},{"@type":"ImageObject","inLanguage":"nl-NL","@id":"https:\/\/www.vanhellenberghubar.org\/index.php\/lambert-lourijsen-zandvoort\/#primaryimage","url":"https:\/\/i0.wp.com\/www.vanhellenberghubar.org\/wp-content\/uploads\/2014\/07\/Detail-van-de-zeven-waterstromen-van-de-Calvariegroep-van-Lambert-Lourijsen-in-de-Agathakerk-te-Zandvoort.-Foto-bvhh.nu-2014.jpg?fit=800%2C600&ssl=1","contentUrl":"https:\/\/i0.wp.com\/www.vanhellenberghubar.org\/wp-content\/uploads\/2014\/07\/Detail-van-de-zeven-waterstromen-van-de-Calvariegroep-van-Lambert-Lourijsen-in-de-Agathakerk-te-Zandvoort.-Foto-bvhh.nu-2014.jpg?fit=800%2C600&ssl=1","width":800,"height":600,"caption":"Lambert Lourijsen Zandvoort | Detail van de zeven watersprongen van de Calvariegroep (1928) in de Agathakerk te Zandvoort. bvhh.nu 2014."},{"@type":"BreadcrumbList","@id":"https:\/\/www.vanhellenberghubar.org\/index.php\/lambert-lourijsen-zandvoort\/#breadcrumb","itemListElement":[{"@type":"ListItem","position":1,"name":"Home","item":"https:\/\/www.vanhellenberghubar.org\/"},{"@type":"ListItem","position":2,"name":"Lambert Lourijsen in Zandvoort"}]},{"@type":"WebSite","@id":"https:\/\/www.vanhellenberghubar.org\/#website","url":"https:\/\/www.vanhellenberghubar.org\/","name":"VanHellenbergHubar.org","description":"Kunst, cultuur &amp; erfgoed","publisher":{"@id":"https:\/\/www.vanhellenberghubar.org\/#organization"},"potentialAction":[{"@type":"SearchAction","target":{"@type":"EntryPoint","urlTemplate":"https:\/\/www.vanhellenberghubar.org\/?s={search_term_string}"},"query-input":{"@type":"PropertyValueSpecification","valueRequired":true,"valueName":"search_term_string"}}],"inLanguage":"nl-NL"},{"@type":"Organization","@id":"https:\/\/www.vanhellenberghubar.org\/#organization","name":"VanHellenbergHubar.Org","url":"https:\/\/www.vanhellenberghubar.org\/","logo":{"@type":"ImageObject","inLanguage":"nl-NL","@id":"https:\/\/www.vanhellenberghubar.org\/#\/schema\/logo\/image\/","url":"https:\/\/i1.wp.com\/www.vanhellenberghubar.org\/wp-content\/uploads\/2015\/11\/BVHH_logo_basis1-kleiner.png?fit=456%2C506&ssl=1","contentUrl":"https:\/\/i1.wp.com\/www.vanhellenberghubar.org\/wp-content\/uploads\/2015\/11\/BVHH_logo_basis1-kleiner.png?fit=456%2C506&ssl=1","width":456,"height":506,"caption":"VanHellenbergHubar.Org"},"image":{"@id":"https:\/\/www.vanhellenberghubar.org\/#\/schema\/logo\/image\/"},"sameAs":["https:\/\/www.facebook.com\/bern4dette","https:\/\/x.com\/Bern4dette","https:\/\/www.instagram.com\/bernadettevanhellenberghubar\/","https:\/\/www.linkedin.com\/in\/vanhellenberghubar\/","https:\/\/nl.pinterest.com\/bern4dette\/","https:\/\/www.youtube.com\/channel\/UCYTa5JeAX_BImf33KUQDBYA"]},{"@type":"Person","@id":"https:\/\/www.vanhellenberghubar.org\/#\/schema\/person\/3752ea7cb477fa62300b028aa62a0ce4","name":"Bernadette van Hellenberg Hubar","image":{"@type":"ImageObject","inLanguage":"nl-NL","@id":"https:\/\/www.vanhellenberghubar.org\/#\/schema\/person\/image\/","url":"https:\/\/secure.gravatar.com\/avatar\/a2977f4ff446f2132f21b03611214ec4?s=96&r=g","contentUrl":"https:\/\/secure.gravatar.com\/avatar\/a2977f4ff446f2132f21b03611214ec4?s=96&r=g","caption":"Bernadette van Hellenberg Hubar"},"sameAs":["https:\/\/www.vanhellenberghubar.org"],"url":"https:\/\/www.vanhellenberghubar.org\/index.php\/author\/bernadette\/"}]}},"jetpack_featured_media_url":"https:\/\/i0.wp.com\/www.vanhellenberghubar.org\/wp-content\/uploads\/2014\/07\/Detail-van-de-zeven-waterstromen-van-de-Calvariegroep-van-Lambert-Lourijsen-in-de-Agathakerk-te-Zandvoort.-Foto-bvhh.nu-2014.jpg?fit=800%2C600&ssl=1","jetpack_sharing_enabled":true,"jetpack-related-posts":[{"id":1739,"url":"https:\/\/www.vanhellenberghubar.org\/index.php\/de-jongste-cuypers-in-zandvoort\/","url_meta":{"origin":1777,"position":0},"title":"De jongste Cuypers in Zandvoort","author":"Bernadette van Hellenberg Hubar","date":"31 mei 2014","format":false,"excerpt":"Interieur van de Agathakerk uit Zandvoort van Pierre J.J.M. Cuypers junior (1891-1982) uit 1928. Je zou het niet zeggen, maar er zijn verschillende overeenkomsten tussen dit gebouw en de nieuwe Bavo, waaraan hij in de laatste fase (1929-1930) heeft meegewerkt. Dat geldt met name voor het decoratieprogramma, dat in een\u2026","rel":"","context":"In &quot;Bern4dette&quot;","block_context":{"text":"Bern4dette","link":"https:\/\/www.vanhellenberghubar.org\/index.php\/category\/bern4dette\/"},"img":{"alt_text":"Agathakerk Pierre J.J.M. Cuypers in Zandvoort met moza\u00efek (in de apsis) en de kruisweg van Lambert Lourijsen.","src":"https:\/\/i0.wp.com\/www.vanhellenberghubar.org\/wp-content\/uploads\/2019\/12\/14196478246_0555590ccb_o-1024x768.jpg?resize=350%2C200&ssl=1","width":350,"height":200,"srcset":"https:\/\/i0.wp.com\/www.vanhellenberghubar.org\/wp-content\/uploads\/2019\/12\/14196478246_0555590ccb_o-1024x768.jpg?resize=350%2C200&ssl=1 1x, https:\/\/i0.wp.com\/www.vanhellenberghubar.org\/wp-content\/uploads\/2019\/12\/14196478246_0555590ccb_o-1024x768.jpg?resize=525%2C300&ssl=1 1.5x"},"classes":[]},{"id":18761,"url":"https:\/\/www.vanhellenberghubar.org\/index.php\/tussen-expressionisme-en-de-beuroner-school-vitruvius\/","url_meta":{"origin":1777,"position":1},"title":"Tussen expressionisme en de Beuroner school | Vitruvius","author":"Bernadette van Hellenberg Hubar","date":"13 april 2022","format":false,"excerpt":"Tussen expressionisme en de Beuroner school \u2014 Het aprilnummer van Vitruvius ligt op de plank. Nou ja, plank ... een virtuele plank dan wel, want Uitgeverij Educom heeft met Vitruvius de eerste stap gezet naar een digitaal tijdschrift. Het wordt dus niet langer in inkt en papier geproduceerd, maar wel\u2026","rel":"","context":"In &quot;Bern4dette&quot;","block_context":{"text":"Bern4dette","link":"https:\/\/www.vanhellenberghubar.org\/index.php\/category\/bern4dette\/"},"img":{"alt_text":"","src":"https:\/\/i0.wp.com\/www.vanhellenberghubar.org\/wp-content\/uploads\/2024\/04\/Agathakerk-Pierre-J.J.M.-Cuypers-Lambert-Lourijsen-collage.jpeg?fit=1200%2C856&ssl=1&resize=350%2C200","width":350,"height":200,"srcset":"https:\/\/i0.wp.com\/www.vanhellenberghubar.org\/wp-content\/uploads\/2024\/04\/Agathakerk-Pierre-J.J.M.-Cuypers-Lambert-Lourijsen-collage.jpeg?fit=1200%2C856&ssl=1&resize=350%2C200 1x, https:\/\/i0.wp.com\/www.vanhellenberghubar.org\/wp-content\/uploads\/2024\/04\/Agathakerk-Pierre-J.J.M.-Cuypers-Lambert-Lourijsen-collage.jpeg?fit=1200%2C856&ssl=1&resize=525%2C300 1.5x, https:\/\/i0.wp.com\/www.vanhellenberghubar.org\/wp-content\/uploads\/2024\/04\/Agathakerk-Pierre-J.J.M.-Cuypers-Lambert-Lourijsen-collage.jpeg?fit=1200%2C856&ssl=1&resize=700%2C400 2x, https:\/\/i0.wp.com\/www.vanhellenberghubar.org\/wp-content\/uploads\/2024\/04\/Agathakerk-Pierre-J.J.M.-Cuypers-Lambert-Lourijsen-collage.jpeg?fit=1200%2C856&ssl=1&resize=1050%2C600 3x"},"classes":[]},{"id":17518,"url":"https:\/\/www.vanhellenberghubar.org\/index.php\/onze-artikelen-in-vakblad-vitruvius\/","url_meta":{"origin":1777,"position":2},"title":"Onze artikelen in vakblad Vitruvius","author":"Bernadette van Hellenberg Hubar","date":"16 mei 2021","format":false,"excerpt":"Let op! Onze website is in transitie, waardoor verschillende links en URL's tijdelijk zijn uitgeschakeld! _________ Onze artikelen in vakblad Vitruvius \u2014 Waarover hebben we het afgelopen decennium in vakblad Vitruvius geschreven? Dat vind je hieronder en - niet geheel onverwacht - komt daar een aantal leidmotieven uit: monumentale schilderkunst,\u2026","rel":"","context":"In &quot;Bern4dette&quot;","block_context":{"text":"Bern4dette","link":"https:\/\/www.vanhellenberghubar.org\/index.php\/category\/bern4dette\/"},"img":{"alt_text":"","src":"https:\/\/i0.wp.com\/www.vanhellenberghubar.org\/wp-content\/uploads\/2023\/05\/Omslag-het-poepende-mannetje-Vitruvius.jpeg?fit=848%2C1200&ssl=1&resize=350%2C200","width":350,"height":200,"srcset":"https:\/\/i0.wp.com\/www.vanhellenberghubar.org\/wp-content\/uploads\/2023\/05\/Omslag-het-poepende-mannetje-Vitruvius.jpeg?fit=848%2C1200&ssl=1&resize=350%2C200 1x, https:\/\/i0.wp.com\/www.vanhellenberghubar.org\/wp-content\/uploads\/2023\/05\/Omslag-het-poepende-mannetje-Vitruvius.jpeg?fit=848%2C1200&ssl=1&resize=525%2C300 1.5x, https:\/\/i0.wp.com\/www.vanhellenberghubar.org\/wp-content\/uploads\/2023\/05\/Omslag-het-poepende-mannetje-Vitruvius.jpeg?fit=848%2C1200&ssl=1&resize=700%2C400 2x"},"classes":[]},{"id":6686,"url":"https:\/\/www.vanhellenberghubar.org\/index.php\/ad-orientem\/","url_meta":{"origin":1777,"position":3},"title":"Ad orientem | Gericht op het oosten","author":"Bernadette van Hellenberg Hubar","date":"3 november 2015","format":false,"excerpt":"In de aanloop van de verschijning van mijn boek over de nieuwe Bavo\/KoepelKathedraal te Haarlem heb ik hieronder vanaf 2015 wat voorproefjes geplaatst. Die zijn best aardig om te lezen. Het boek is inmiddels uitverkocht, dus je kunt het alleen antiquarisch of via de bibliotheek\u00a0\u00a0 ... Voorproefjes Op de site\u2026","rel":"","context":"In &quot;Bern4dette&quot;","block_context":{"text":"Bern4dette","link":"https:\/\/www.vanhellenberghubar.org\/index.php\/category\/bern4dette\/"},"img":{"alt_text":"Het boeke over de nieuwe Bavo\/Koepelkathedraal Haarlem (2016)","src":"https:\/\/i0.wp.com\/www.vanhellenberghubar.org\/wp-content\/uploads\/2019\/12\/23093562300_49355154ee_o.png?fit=1200%2C1123&ssl=1&resize=350%2C200","width":350,"height":200,"srcset":"https:\/\/i0.wp.com\/www.vanhellenberghubar.org\/wp-content\/uploads\/2019\/12\/23093562300_49355154ee_o.png?fit=1200%2C1123&ssl=1&resize=350%2C200 1x, https:\/\/i0.wp.com\/www.vanhellenberghubar.org\/wp-content\/uploads\/2019\/12\/23093562300_49355154ee_o.png?fit=1200%2C1123&ssl=1&resize=525%2C300 1.5x, https:\/\/i0.wp.com\/www.vanhellenberghubar.org\/wp-content\/uploads\/2019\/12\/23093562300_49355154ee_o.png?fit=1200%2C1123&ssl=1&resize=700%2C400 2x, https:\/\/i0.wp.com\/www.vanhellenberghubar.org\/wp-content\/uploads\/2019\/12\/23093562300_49355154ee_o.png?fit=1200%2C1123&ssl=1&resize=1050%2C600 3x"},"classes":[]},{"id":8559,"url":"https:\/\/www.vanhellenberghubar.org\/index.php\/onderweg\/","url_meta":{"origin":1777,"position":4},"title":"De luchtboogbeelden onderweg","author":"Bernadette van Hellenberg Hubar","date":"20 juli 2016","format":false,"excerpt":"Onderweg \u2014 De aanleiding mag Jeroen Bosch zijn geweest, maar dat had de 'wonderlijke klim' bij de Sint Jan van Den Bosch helemaal niet nodig. Het was werkelijk een briljante vondst geweest om deze sculptuur op de steunbogen langs het schip - die globaal tussen 1470 en 1520 tot stand\u2026","rel":"","context":"In &quot;Bern4dette&quot;","block_context":{"text":"Bern4dette","link":"https:\/\/www.vanhellenberghubar.org\/index.php\/category\/bern4dette\/"},"img":{"alt_text":"Sint Jan Den Bosch, De wonderlijke klim (bvhh.nu 2016).","src":"https:\/\/i0.wp.com\/www.vanhellenberghubar.org\/wp-content\/uploads\/2016\/07\/Sint-Jan-Den-Bosch-wonderljke-klim-IMG_1964.jpg?fit=1200%2C900&ssl=1&resize=350%2C200","width":350,"height":200,"srcset":"https:\/\/i0.wp.com\/www.vanhellenberghubar.org\/wp-content\/uploads\/2016\/07\/Sint-Jan-Den-Bosch-wonderljke-klim-IMG_1964.jpg?fit=1200%2C900&ssl=1&resize=350%2C200 1x, https:\/\/i0.wp.com\/www.vanhellenberghubar.org\/wp-content\/uploads\/2016\/07\/Sint-Jan-Den-Bosch-wonderljke-klim-IMG_1964.jpg?fit=1200%2C900&ssl=1&resize=525%2C300 1.5x, https:\/\/i0.wp.com\/www.vanhellenberghubar.org\/wp-content\/uploads\/2016\/07\/Sint-Jan-Den-Bosch-wonderljke-klim-IMG_1964.jpg?fit=1200%2C900&ssl=1&resize=700%2C400 2x, https:\/\/i0.wp.com\/www.vanhellenberghubar.org\/wp-content\/uploads\/2016\/07\/Sint-Jan-Den-Bosch-wonderljke-klim-IMG_1964.jpg?fit=1200%2C900&ssl=1&resize=1050%2C600 3x"},"classes":[]},{"id":3392,"url":"https:\/\/www.vanhellenberghubar.org\/index.php\/memorylane-cuypersfamily\/","url_meta":{"origin":1777,"position":5},"title":"Down memorylane | Bovendonk te Hoeven","author":"Bernadette van Hellenberg Hubar","date":"15 augustus 2014","format":false,"excerpt":"Soms kom je uit bij een trip down memorylane en dat was bij mij het geval met Bovendonk. Ik was op zoek naar wat Thijm ook al weer vond van de pond\u00e9ration van Viollet-le-Duc - want die speelt natuurlijk bij de nieuwe Bavo ook een belangrijke rol*\u00a0- en toen kwam\u2026","rel":"","context":"In &quot;Alberdingk Thijm&quot;","block_context":{"text":"Alberdingk Thijm","link":"https:\/\/www.vanhellenberghubar.org\/index.php\/category\/onderzoek\/alberdingk-thijm\/"},"img":{"alt_text":"","src":"https:\/\/i0.wp.com\/www.vanhellenberghubar.org\/wp-content\/uploads\/2014\/08\/Omslag-CBA-Bovendonk-Hoeven-2008.jpg?resize=350%2C200&ssl=1","width":350,"height":200,"srcset":"https:\/\/i0.wp.com\/www.vanhellenberghubar.org\/wp-content\/uploads\/2014\/08\/Omslag-CBA-Bovendonk-Hoeven-2008.jpg?resize=350%2C200&ssl=1 1x, https:\/\/i0.wp.com\/www.vanhellenberghubar.org\/wp-content\/uploads\/2014\/08\/Omslag-CBA-Bovendonk-Hoeven-2008.jpg?resize=525%2C300&ssl=1 1.5x"},"classes":[]}],"jetpack_likes_enabled":true,"_links":{"self":[{"href":"https:\/\/www.vanhellenberghubar.org\/index.php\/wp-json\/wp\/v2\/posts\/1777","targetHints":{"allow":["GET"]}}],"collection":[{"href":"https:\/\/www.vanhellenberghubar.org\/index.php\/wp-json\/wp\/v2\/posts"}],"about":[{"href":"https:\/\/www.vanhellenberghubar.org\/index.php\/wp-json\/wp\/v2\/types\/post"}],"author":[{"embeddable":true,"href":"https:\/\/www.vanhellenberghubar.org\/index.php\/wp-json\/wp\/v2\/users\/2"}],"replies":[{"embeddable":true,"href":"https:\/\/www.vanhellenberghubar.org\/index.php\/wp-json\/wp\/v2\/comments?post=1777"}],"version-history":[{"count":110,"href":"https:\/\/www.vanhellenberghubar.org\/index.php\/wp-json\/wp\/v2\/posts\/1777\/revisions"}],"predecessor-version":[{"id":11364,"href":"https:\/\/www.vanhellenberghubar.org\/index.php\/wp-json\/wp\/v2\/posts\/1777\/revisions\/11364"}],"wp:featuredmedia":[{"embeddable":true,"href":"https:\/\/www.vanhellenberghubar.org\/index.php\/wp-json\/wp\/v2\/media\/11370"}],"wp:attachment":[{"href":"https:\/\/www.vanhellenberghubar.org\/index.php\/wp-json\/wp\/v2\/media?parent=1777"}],"wp:term":[{"taxonomy":"category","embeddable":true,"href":"https:\/\/www.vanhellenberghubar.org\/index.php\/wp-json\/wp\/v2\/categories?post=1777"},{"taxonomy":"post_tag","embeddable":true,"href":"https:\/\/www.vanhellenberghubar.org\/index.php\/wp-json\/wp\/v2\/tags?post=1777"}],"curies":[{"name":"wp","href":"https:\/\/api.w.org\/{rel}","templated":true}]}}