{"id":14340,"date":"2019-05-20T06:07:08","date_gmt":"2019-05-20T04:07:08","guid":{"rendered":"https:\/\/www.vanhellenberghubar.org\/?p=14340"},"modified":"2019-05-20T11:24:33","modified_gmt":"2019-05-20T09:24:33","slug":"blinde-verering","status":"publish","type":"post","link":"https:\/\/www.vanhellenberghubar.org\/index.php\/blinde-verering\/","title":{"rendered":"Blinde verering &#8230;"},"content":{"rendered":"<p><span style=\"color: #800000;\"><em>Blinde verering<\/em><\/span> maakt deel uit van de bundel <em>Po\u00e8mes de Picardie<\/em> uit 2009.<a href=\"#picardie\">*<\/a>&nbsp;<\/p>\n<a href=\"https:\/\/www.vanhellenberghubar.org\/wp-content\/uploads\/2021\/05\/Blinde-verering-Poemes-de-Picardie-Word2019.pdf\" class=\"pdfemb-viewer\" style=\"width: 1000px; height: 1500px; \" data-width=\"1000\" data-height=\"1500\" data-mobile-width=\"500\"  data-scrollbar=\"none\" data-download=\"on\" data-tracking=\"on\" data-newwindow=\"on\" data-pagetextbox=\"off\" data-scrolltotop=\"on\" data-startzoom=\"100\" data-startfpzoom=\"100\" data-toolbar=\"both\" data-toolbar-fixed=\"on\">Blinde verering - Poemes de Picardie Word2019<br\/><\/a>\n<p><span style=\"color: #ebda8a;\">&#8230;<\/span><\/p>\n<p><span style=\"color: #800000;\"><em>Blinde verering <\/em><\/span>schreef ik tijdens de derde excursie die ik met <em>Kunst der Vormen<\/em> meemaakte, opnieuw georganiseerd door Marjan van den Bos in de Picardie (2009). Soms landt een gedicht in een vloek en een zucht en dat is wat er gebeurde tijdens het bezoek aan&nbsp;<em>&#8216;le petit clo\u00eetre&#8217;&nbsp;<\/em>van<em>&nbsp;&#8216;l\u2019Ancienne abbaye de Saint-Jean-des-Vignes&#8217; <\/em>te Soissons. Ook al gaat het hier duidelijk om een vrouw en een man, ze deden me aan het tragische lied van de koningskinderen denken! Die associatie borrelde op toen ik het koppel ontmoette in de voorlaatste travee van het <em>petit clo\u00eetre<\/em>. De tragiek waaide me tegemoet \u2026 eeuwig gescheiden door de boog van de arcade, werden ze vervolgens nog verder uit elkaar gedreven door de tijd: toen de een zich eindelijk bloot kon geven, mistte de ander zijn ogen \u2026 <em>quelle tristesse<\/em>!<\/p>\n<p><span style=\"color: #000000;\">;-) B.<\/span><\/p>\n<p><a href=\"https:\/\/i0.wp.com\/www.vanhellenberghubar.org\/wp-content\/uploads\/2015\/09\/BVHH_logo_basis1-rapport-spiegel.png?ssl=1\"><img data-recalc-dims=\"1\" loading=\"lazy\" decoding=\"async\" data-attachment-id=\"6772\" data-permalink=\"https:\/\/www.vanhellenberghubar.org\/?attachment_id=6772#main\" data-orig-file=\"https:\/\/i0.wp.com\/www.vanhellenberghubar.org\/wp-content\/uploads\/2015\/09\/BVHH_logo_basis1-rapport-spiegel.png?fit=368%2C420&amp;ssl=1\" data-orig-size=\"368,420\" data-comments-opened=\"0\" data-image-meta=\"{&quot;aperture&quot;:&quot;0&quot;,&quot;credit&quot;:&quot;&quot;,&quot;camera&quot;:&quot;&quot;,&quot;caption&quot;:&quot;&quot;,&quot;created_timestamp&quot;:&quot;0&quot;,&quot;copyright&quot;:&quot;&quot;,&quot;focal_length&quot;:&quot;0&quot;,&quot;iso&quot;:&quot;0&quot;,&quot;shutter_speed&quot;:&quot;0&quot;,&quot;title&quot;:&quot;&quot;,&quot;orientation&quot;:&quot;0&quot;}\" data-image-title=\"BVHH_logo_basis1-rapport-spiegel\" data-image-description=\"\" data-image-caption=\"\" data-medium-file=\"https:\/\/i0.wp.com\/www.vanhellenberghubar.org\/wp-content\/uploads\/2015\/09\/BVHH_logo_basis1-rapport-spiegel.png?fit=368%2C420&amp;ssl=1\" data-large-file=\"https:\/\/i0.wp.com\/www.vanhellenberghubar.org\/wp-content\/uploads\/2015\/09\/BVHH_logo_basis1-rapport-spiegel.png?fit=368%2C420&amp;ssl=1\" class=\"alignnone wp-image-6772\" title=\"Vragen? Stuur een mailtje naar bernadette@vanhellenberghubar.org!\" src=\"https:\/\/i0.wp.com\/www.vanhellenberghubar.org\/wp-content\/uploads\/2015\/09\/BVHH_logo_basis1-rapport-spiegel.png?resize=71%2C81&#038;ssl=1\" alt=\"Vragen? Stuur een mailtje naar bernadette@vanhellenberghubar.org!\" width=\"71\" height=\"81\" srcset=\"https:\/\/i0.wp.com\/www.vanhellenberghubar.org\/wp-content\/uploads\/2015\/09\/BVHH_logo_basis1-rapport-spiegel.png?resize=263%2C300&amp;ssl=1 263w, https:\/\/i0.wp.com\/www.vanhellenberghubar.org\/wp-content\/uploads\/2015\/09\/BVHH_logo_basis1-rapport-spiegel.png?w=368&amp;ssl=1 368w\" sizes=\"auto, (max-width: 71px) 100vw, 71px\" \/><\/a><\/p>\n<hr \/>\n<h5>Bronnen en andere informatie<\/h5>\n<ul>\n<li><span id=\"picardie\" class=\"sta-anchor \" aria-hidden=\"true\"><\/span>De volledige titel van de bundel luidt: Hubar, Bernadette van Hellenberg. <em>Po\u00e8mes de Picardie. Art des formes \u00e0 la recherche de structures du pass\u00e9<\/em>. Ressons le long\/Oh\u00e9 en Laak: VanHH.org, 2009. <a href=\"http:\/\/bit.ly\/Poemes-de-Picardie\" target=\"_blank\" rel=\"noopener\">http:\/\/bit.ly\/Poemes-de-Picardie<\/a>. Onder de voorgaande link kun je de bundel inzien en downloaden.<\/li>\n<li>De foto&#8217;s zijn van de hand van Poul de Haan. Hierop zijn alle rechten voorbehouden.<\/li>\n<li>Meer weten over mijn gedichten op locatie, lees dan <a href=\"https:\/\/www.vanhellenberghubar.org\/index.php\/homo-ludens\/dichtwerk\/\">hier<\/a> hoe het allemaal begon!<\/li>\n<li>Een van de andere gedichten in de bundel &#8211; die veel bekijks trok &#8211; betrof de <a href=\"https:\/\/www.vanhellenberghubar.org\/index.php\/grande-parade\/\">Grand&#8217; parade in Soissons<\/a>.&nbsp;<\/li>\n<li>Met Kunst der Vormen verbleven we steeds in &#8216;<a href=\"https:\/\/www.lafermedelamontagne.net\/\">La ferme de la Montagne<\/a>&#8216; in Ressons-le-Long. Echt een aanrader voor iemand die nader kennis wil maken met Noord-Frankrijk.&nbsp;<\/li>\n<\/ul>\n<p>Ben je een keer in Soissons, ga dan eens kijken op de locatie waar dit gedicht zich afspeelt.<\/p>\n<p><iframe loading=\"lazy\" style=\"border: 0;\" src=\"https:\/\/www.google.com\/maps\/embed?pb=!1m18!1m12!1m3!1d2597.749426197725!2d3.3218555162321977!3d49.375814079341524!2m3!1f0!2f0!3f0!3m2!1i1024!2i768!4f13.1!3m3!1m2!1s0x47e85ec8a8ac1e87%3A0x9542c65d9d06b1da!2sAbbey+of+St.+Jean+des+Vignes!5e0!3m2!1snl!2snl!4v1518696369814\" width=\"600\" height=\"450\" frameborder=\"0\" allowfullscreen=\"allowfullscreen\"><\/iframe><\/p>\n<p>Verkorte link van dit item:&nbsp;http:\/\/bit.ly\/2HEQLRw-Gom<\/p>\n","protected":false},"excerpt":{"rendered":"<p>Blinde verering maakt deel uit van de bundel Po\u00e8mes de Picardie uit 2009.*&nbsp; &#8230; Blinde verering schreef ik tijdens de derde excursie die ik met Kunst der Vormen meemaakte, opnieuw georganiseerd door Marjan van den Bos in de Picardie (2009). Soms landt een gedicht in een vloek en een zucht en dat is wat er [&hellip;]<\/p>\n","protected":false},"author":2,"featured_media":10250,"comment_status":"closed","ping_status":"closed","sticky":false,"template":"","format":"standard","meta":{"ngg_post_thumbnail":0,"jetpack_post_was_ever_published":false,"_jetpack_newsletter_access":"","_jetpack_dont_email_post_to_subs":false,"_jetpack_newsletter_tier_id":0,"_jetpack_memberships_contains_paywalled_content":false,"_jetpack_memberships_contains_paid_content":false,"footnotes":""},"categories":[29],"tags":[1498,729,1871,1872,1601,104,1560,202,1874,1536,1873,1602],"class_list":["post-14340","post","type-post","status-publish","format-standard","has-post-thumbnail","hentry","category-bern4dette","tag-gom","tag-beeldgedicht","tag-blinde-verering","tag-bouwsculptuur","tag-gedicht-op-maandag","tag-gedichten-op-locatie","tag-gedichten4all","tag-kunst-der-vormen","tag-la-ferme-de-la-montagne","tag-poemes-de-picardie","tag-ressons-le-long","tag-soissons"],"yoast_head":"<!-- This site is optimized with the Yoast SEO plugin v26.8 - https:\/\/yoast.com\/product\/yoast-seo-wordpress\/ -->\n<title>Blinde verering | Po\u00e8mes de Picardie - VanHellenbergHubar.org<\/title>\n<meta name=\"description\" content=\"Blinde verering | Po\u00e8mes de Picardie \u2014 Soms ontstaat een gedicht in een vloek en een zucht, zoals bij dit tweetal in Soissons.\" \/>\n<meta name=\"robots\" content=\"index, follow, max-snippet:-1, max-image-preview:large, max-video-preview:-1\" \/>\n<link rel=\"canonical\" href=\"https:\/\/www.vanhellenberghubar.org\/index.php\/blinde-verering\/\" \/>\n<meta property=\"og:locale\" content=\"nl_NL\" \/>\n<meta property=\"og:type\" content=\"article\" \/>\n<meta property=\"og:title\" content=\"Blinde verering | Po\u00e8mes de Picardie - VanHellenbergHubar.org\" \/>\n<meta property=\"og:description\" content=\"Blinde verering | Po\u00e8mes de Picardie \u2014 Soms ontstaat een gedicht in een vloek en een zucht, zoals bij dit tweetal in Soissons.\" \/>\n<meta property=\"og:url\" content=\"https:\/\/www.vanhellenberghubar.org\/index.php\/blinde-verering\/\" \/>\n<meta property=\"og:site_name\" content=\"VanHellenbergHubar.org\" \/>\n<meta property=\"article:publisher\" content=\"https:\/\/www.facebook.com\/bern4dette\" \/>\n<meta property=\"article:published_time\" content=\"2019-05-20T04:07:08+00:00\" \/>\n<meta property=\"article:modified_time\" content=\"2019-05-20T09:24:33+00:00\" \/>\n<meta property=\"og:image\" content=\"https:\/\/i0.wp.com\/www.vanhellenberghubar.org\/wp-content\/uploads\/2014\/03\/Poemes-de-Picardie-omslag.png?fit=855%2C1211&ssl=1\" \/>\n\t<meta property=\"og:image:width\" content=\"855\" \/>\n\t<meta property=\"og:image:height\" content=\"1211\" \/>\n\t<meta property=\"og:image:type\" content=\"image\/png\" \/>\n<meta name=\"author\" content=\"Bernadette van Hellenberg Hubar\" \/>\n<meta name=\"twitter:label1\" content=\"Geschreven door\" \/>\n\t<meta name=\"twitter:data1\" content=\"Bernadette van Hellenberg Hubar\" \/>\n\t<meta name=\"twitter:label2\" content=\"Geschatte leestijd\" \/>\n\t<meta name=\"twitter:data2\" content=\"2 minuten\" \/>\n<script type=\"application\/ld+json\" class=\"yoast-schema-graph\">{\"@context\":\"https:\/\/schema.org\",\"@graph\":[{\"@type\":\"Article\",\"@id\":\"https:\/\/www.vanhellenberghubar.org\/index.php\/blinde-verering\/#article\",\"isPartOf\":{\"@id\":\"https:\/\/www.vanhellenberghubar.org\/index.php\/blinde-verering\/\"},\"author\":{\"name\":\"Bernadette van Hellenberg Hubar\",\"@id\":\"https:\/\/www.vanhellenberghubar.org\/#\/schema\/person\/3752ea7cb477fa62300b028aa62a0ce4\"},\"headline\":\"Blinde verering &#8230;\",\"datePublished\":\"2019-05-20T04:07:08+00:00\",\"dateModified\":\"2019-05-20T09:24:33+00:00\",\"mainEntityOfPage\":{\"@id\":\"https:\/\/www.vanhellenberghubar.org\/index.php\/blinde-verering\/\"},\"wordCount\":338,\"publisher\":{\"@id\":\"https:\/\/www.vanhellenberghubar.org\/#organization\"},\"image\":{\"@id\":\"https:\/\/www.vanhellenberghubar.org\/index.php\/blinde-verering\/#primaryimage\"},\"thumbnailUrl\":\"https:\/\/i0.wp.com\/www.vanhellenberghubar.org\/wp-content\/uploads\/2014\/03\/Poemes-de-Picardie-omslag.png?fit=855%2C1211&ssl=1\",\"keywords\":[\"#Gom\",\"beeldgedicht\",\"Blinde verering\",\"bouwsculptuur\",\"gedicht op maandag\",\"gedichten op locatie\",\"Gedichten4all\",\"Kunst der vormen\",\"La ferme de la Montagne\",\"Po\u00e8mes de Picardie\",\"Ressons-le-Long\",\"Soissons\"],\"articleSection\":[\"Bern4dette\"],\"inLanguage\":\"nl-NL\"},{\"@type\":\"WebPage\",\"@id\":\"https:\/\/www.vanhellenberghubar.org\/index.php\/blinde-verering\/\",\"url\":\"https:\/\/www.vanhellenberghubar.org\/index.php\/blinde-verering\/\",\"name\":\"Blinde verering | Po\u00e8mes de Picardie - VanHellenbergHubar.org\",\"isPartOf\":{\"@id\":\"https:\/\/www.vanhellenberghubar.org\/#website\"},\"primaryImageOfPage\":{\"@id\":\"https:\/\/www.vanhellenberghubar.org\/index.php\/blinde-verering\/#primaryimage\"},\"image\":{\"@id\":\"https:\/\/www.vanhellenberghubar.org\/index.php\/blinde-verering\/#primaryimage\"},\"thumbnailUrl\":\"https:\/\/i0.wp.com\/www.vanhellenberghubar.org\/wp-content\/uploads\/2014\/03\/Poemes-de-Picardie-omslag.png?fit=855%2C1211&ssl=1\",\"datePublished\":\"2019-05-20T04:07:08+00:00\",\"dateModified\":\"2019-05-20T09:24:33+00:00\",\"description\":\"Blinde verering | Po\u00e8mes de Picardie \u2014 Soms ontstaat een gedicht in een vloek en een zucht, zoals bij dit tweetal in Soissons.\",\"breadcrumb\":{\"@id\":\"https:\/\/www.vanhellenberghubar.org\/index.php\/blinde-verering\/#breadcrumb\"},\"inLanguage\":\"nl-NL\",\"potentialAction\":[{\"@type\":\"ReadAction\",\"target\":[\"https:\/\/www.vanhellenberghubar.org\/index.php\/blinde-verering\/\"]}]},{\"@type\":\"ImageObject\",\"inLanguage\":\"nl-NL\",\"@id\":\"https:\/\/www.vanhellenberghubar.org\/index.php\/blinde-verering\/#primaryimage\",\"url\":\"https:\/\/i0.wp.com\/www.vanhellenberghubar.org\/wp-content\/uploads\/2014\/03\/Poemes-de-Picardie-omslag.png?fit=855%2C1211&ssl=1\",\"contentUrl\":\"https:\/\/i0.wp.com\/www.vanhellenberghubar.org\/wp-content\/uploads\/2014\/03\/Poemes-de-Picardie-omslag.png?fit=855%2C1211&ssl=1\",\"width\":855,\"height\":1211,\"caption\":\"Omslag van de bundel Po\u00e8mes de Picardie (2009) die ontstond tijdens een excursie met Kunst der Vormen. Aquarel: An Hulshoff Pol.\"},{\"@type\":\"BreadcrumbList\",\"@id\":\"https:\/\/www.vanhellenberghubar.org\/index.php\/blinde-verering\/#breadcrumb\",\"itemListElement\":[{\"@type\":\"ListItem\",\"position\":1,\"name\":\"Home\",\"item\":\"https:\/\/www.vanhellenberghubar.org\/\"},{\"@type\":\"ListItem\",\"position\":2,\"name\":\"Blinde verering &#8230;\"}]},{\"@type\":\"WebSite\",\"@id\":\"https:\/\/www.vanhellenberghubar.org\/#website\",\"url\":\"https:\/\/www.vanhellenberghubar.org\/\",\"name\":\"VanHellenbergHubar.org\",\"description\":\"Kunst, cultuur &amp; erfgoed\",\"publisher\":{\"@id\":\"https:\/\/www.vanhellenberghubar.org\/#organization\"},\"potentialAction\":[{\"@type\":\"SearchAction\",\"target\":{\"@type\":\"EntryPoint\",\"urlTemplate\":\"https:\/\/www.vanhellenberghubar.org\/?s={search_term_string}\"},\"query-input\":{\"@type\":\"PropertyValueSpecification\",\"valueRequired\":true,\"valueName\":\"search_term_string\"}}],\"inLanguage\":\"nl-NL\"},{\"@type\":\"Organization\",\"@id\":\"https:\/\/www.vanhellenberghubar.org\/#organization\",\"name\":\"VanHellenbergHubar.Org\",\"url\":\"https:\/\/www.vanhellenberghubar.org\/\",\"logo\":{\"@type\":\"ImageObject\",\"inLanguage\":\"nl-NL\",\"@id\":\"https:\/\/www.vanhellenberghubar.org\/#\/schema\/logo\/image\/\",\"url\":\"https:\/\/i1.wp.com\/www.vanhellenberghubar.org\/wp-content\/uploads\/2015\/11\/BVHH_logo_basis1-kleiner.png?fit=456%2C506&ssl=1\",\"contentUrl\":\"https:\/\/i1.wp.com\/www.vanhellenberghubar.org\/wp-content\/uploads\/2015\/11\/BVHH_logo_basis1-kleiner.png?fit=456%2C506&ssl=1\",\"width\":456,\"height\":506,\"caption\":\"VanHellenbergHubar.Org\"},\"image\":{\"@id\":\"https:\/\/www.vanhellenberghubar.org\/#\/schema\/logo\/image\/\"},\"sameAs\":[\"https:\/\/www.facebook.com\/bern4dette\",\"https:\/\/x.com\/Bern4dette\",\"https:\/\/www.instagram.com\/bernadettevanhellenberghubar\/\",\"https:\/\/www.linkedin.com\/in\/vanhellenberghubar\/\",\"https:\/\/nl.pinterest.com\/bern4dette\/\",\"https:\/\/www.youtube.com\/channel\/UCYTa5JeAX_BImf33KUQDBYA\"]},{\"@type\":\"Person\",\"@id\":\"https:\/\/www.vanhellenberghubar.org\/#\/schema\/person\/3752ea7cb477fa62300b028aa62a0ce4\",\"name\":\"Bernadette van Hellenberg Hubar\",\"image\":{\"@type\":\"ImageObject\",\"inLanguage\":\"nl-NL\",\"@id\":\"https:\/\/www.vanhellenberghubar.org\/#\/schema\/person\/image\/\",\"url\":\"https:\/\/secure.gravatar.com\/avatar\/a2977f4ff446f2132f21b03611214ec4?s=96&r=g\",\"contentUrl\":\"https:\/\/secure.gravatar.com\/avatar\/a2977f4ff446f2132f21b03611214ec4?s=96&r=g\",\"caption\":\"Bernadette van Hellenberg Hubar\"},\"sameAs\":[\"https:\/\/www.vanhellenberghubar.org\"],\"url\":\"https:\/\/www.vanhellenberghubar.org\/index.php\/author\/bernadette\/\"}]}<\/script>\n<!-- \/ Yoast SEO plugin. -->","yoast_head_json":{"title":"Blinde verering | Po\u00e8mes de Picardie - VanHellenbergHubar.org","description":"Blinde verering | Po\u00e8mes de Picardie \u2014 Soms ontstaat een gedicht in een vloek en een zucht, zoals bij dit tweetal in Soissons.","robots":{"index":"index","follow":"follow","max-snippet":"max-snippet:-1","max-image-preview":"max-image-preview:large","max-video-preview":"max-video-preview:-1"},"canonical":"https:\/\/www.vanhellenberghubar.org\/index.php\/blinde-verering\/","og_locale":"nl_NL","og_type":"article","og_title":"Blinde verering | Po\u00e8mes de Picardie - VanHellenbergHubar.org","og_description":"Blinde verering | Po\u00e8mes de Picardie \u2014 Soms ontstaat een gedicht in een vloek en een zucht, zoals bij dit tweetal in Soissons.","og_url":"https:\/\/www.vanhellenberghubar.org\/index.php\/blinde-verering\/","og_site_name":"VanHellenbergHubar.org","article_publisher":"https:\/\/www.facebook.com\/bern4dette","article_published_time":"2019-05-20T04:07:08+00:00","article_modified_time":"2019-05-20T09:24:33+00:00","og_image":[{"width":855,"height":1211,"url":"https:\/\/i0.wp.com\/www.vanhellenberghubar.org\/wp-content\/uploads\/2014\/03\/Poemes-de-Picardie-omslag.png?fit=855%2C1211&ssl=1","type":"image\/png"}],"author":"Bernadette van Hellenberg Hubar","twitter_misc":{"Geschreven door":"Bernadette van Hellenberg Hubar","Geschatte leestijd":"2 minuten"},"schema":{"@context":"https:\/\/schema.org","@graph":[{"@type":"Article","@id":"https:\/\/www.vanhellenberghubar.org\/index.php\/blinde-verering\/#article","isPartOf":{"@id":"https:\/\/www.vanhellenberghubar.org\/index.php\/blinde-verering\/"},"author":{"name":"Bernadette van Hellenberg Hubar","@id":"https:\/\/www.vanhellenberghubar.org\/#\/schema\/person\/3752ea7cb477fa62300b028aa62a0ce4"},"headline":"Blinde verering &#8230;","datePublished":"2019-05-20T04:07:08+00:00","dateModified":"2019-05-20T09:24:33+00:00","mainEntityOfPage":{"@id":"https:\/\/www.vanhellenberghubar.org\/index.php\/blinde-verering\/"},"wordCount":338,"publisher":{"@id":"https:\/\/www.vanhellenberghubar.org\/#organization"},"image":{"@id":"https:\/\/www.vanhellenberghubar.org\/index.php\/blinde-verering\/#primaryimage"},"thumbnailUrl":"https:\/\/i0.wp.com\/www.vanhellenberghubar.org\/wp-content\/uploads\/2014\/03\/Poemes-de-Picardie-omslag.png?fit=855%2C1211&ssl=1","keywords":["#Gom","beeldgedicht","Blinde verering","bouwsculptuur","gedicht op maandag","gedichten op locatie","Gedichten4all","Kunst der vormen","La ferme de la Montagne","Po\u00e8mes de Picardie","Ressons-le-Long","Soissons"],"articleSection":["Bern4dette"],"inLanguage":"nl-NL"},{"@type":"WebPage","@id":"https:\/\/www.vanhellenberghubar.org\/index.php\/blinde-verering\/","url":"https:\/\/www.vanhellenberghubar.org\/index.php\/blinde-verering\/","name":"Blinde verering | Po\u00e8mes de Picardie - VanHellenbergHubar.org","isPartOf":{"@id":"https:\/\/www.vanhellenberghubar.org\/#website"},"primaryImageOfPage":{"@id":"https:\/\/www.vanhellenberghubar.org\/index.php\/blinde-verering\/#primaryimage"},"image":{"@id":"https:\/\/www.vanhellenberghubar.org\/index.php\/blinde-verering\/#primaryimage"},"thumbnailUrl":"https:\/\/i0.wp.com\/www.vanhellenberghubar.org\/wp-content\/uploads\/2014\/03\/Poemes-de-Picardie-omslag.png?fit=855%2C1211&ssl=1","datePublished":"2019-05-20T04:07:08+00:00","dateModified":"2019-05-20T09:24:33+00:00","description":"Blinde verering | Po\u00e8mes de Picardie \u2014 Soms ontstaat een gedicht in een vloek en een zucht, zoals bij dit tweetal in Soissons.","breadcrumb":{"@id":"https:\/\/www.vanhellenberghubar.org\/index.php\/blinde-verering\/#breadcrumb"},"inLanguage":"nl-NL","potentialAction":[{"@type":"ReadAction","target":["https:\/\/www.vanhellenberghubar.org\/index.php\/blinde-verering\/"]}]},{"@type":"ImageObject","inLanguage":"nl-NL","@id":"https:\/\/www.vanhellenberghubar.org\/index.php\/blinde-verering\/#primaryimage","url":"https:\/\/i0.wp.com\/www.vanhellenberghubar.org\/wp-content\/uploads\/2014\/03\/Poemes-de-Picardie-omslag.png?fit=855%2C1211&ssl=1","contentUrl":"https:\/\/i0.wp.com\/www.vanhellenberghubar.org\/wp-content\/uploads\/2014\/03\/Poemes-de-Picardie-omslag.png?fit=855%2C1211&ssl=1","width":855,"height":1211,"caption":"Omslag van de bundel Po\u00e8mes de Picardie (2009) die ontstond tijdens een excursie met Kunst der Vormen. Aquarel: An Hulshoff Pol."},{"@type":"BreadcrumbList","@id":"https:\/\/www.vanhellenberghubar.org\/index.php\/blinde-verering\/#breadcrumb","itemListElement":[{"@type":"ListItem","position":1,"name":"Home","item":"https:\/\/www.vanhellenberghubar.org\/"},{"@type":"ListItem","position":2,"name":"Blinde verering &#8230;"}]},{"@type":"WebSite","@id":"https:\/\/www.vanhellenberghubar.org\/#website","url":"https:\/\/www.vanhellenberghubar.org\/","name":"VanHellenbergHubar.org","description":"Kunst, cultuur &amp; erfgoed","publisher":{"@id":"https:\/\/www.vanhellenberghubar.org\/#organization"},"potentialAction":[{"@type":"SearchAction","target":{"@type":"EntryPoint","urlTemplate":"https:\/\/www.vanhellenberghubar.org\/?s={search_term_string}"},"query-input":{"@type":"PropertyValueSpecification","valueRequired":true,"valueName":"search_term_string"}}],"inLanguage":"nl-NL"},{"@type":"Organization","@id":"https:\/\/www.vanhellenberghubar.org\/#organization","name":"VanHellenbergHubar.Org","url":"https:\/\/www.vanhellenberghubar.org\/","logo":{"@type":"ImageObject","inLanguage":"nl-NL","@id":"https:\/\/www.vanhellenberghubar.org\/#\/schema\/logo\/image\/","url":"https:\/\/i1.wp.com\/www.vanhellenberghubar.org\/wp-content\/uploads\/2015\/11\/BVHH_logo_basis1-kleiner.png?fit=456%2C506&ssl=1","contentUrl":"https:\/\/i1.wp.com\/www.vanhellenberghubar.org\/wp-content\/uploads\/2015\/11\/BVHH_logo_basis1-kleiner.png?fit=456%2C506&ssl=1","width":456,"height":506,"caption":"VanHellenbergHubar.Org"},"image":{"@id":"https:\/\/www.vanhellenberghubar.org\/#\/schema\/logo\/image\/"},"sameAs":["https:\/\/www.facebook.com\/bern4dette","https:\/\/x.com\/Bern4dette","https:\/\/www.instagram.com\/bernadettevanhellenberghubar\/","https:\/\/www.linkedin.com\/in\/vanhellenberghubar\/","https:\/\/nl.pinterest.com\/bern4dette\/","https:\/\/www.youtube.com\/channel\/UCYTa5JeAX_BImf33KUQDBYA"]},{"@type":"Person","@id":"https:\/\/www.vanhellenberghubar.org\/#\/schema\/person\/3752ea7cb477fa62300b028aa62a0ce4","name":"Bernadette van Hellenberg Hubar","image":{"@type":"ImageObject","inLanguage":"nl-NL","@id":"https:\/\/www.vanhellenberghubar.org\/#\/schema\/person\/image\/","url":"https:\/\/secure.gravatar.com\/avatar\/a2977f4ff446f2132f21b03611214ec4?s=96&r=g","contentUrl":"https:\/\/secure.gravatar.com\/avatar\/a2977f4ff446f2132f21b03611214ec4?s=96&r=g","caption":"Bernadette van Hellenberg Hubar"},"sameAs":["https:\/\/www.vanhellenberghubar.org"],"url":"https:\/\/www.vanhellenberghubar.org\/index.php\/author\/bernadette\/"}]}},"jetpack_featured_media_url":"https:\/\/i0.wp.com\/www.vanhellenberghubar.org\/wp-content\/uploads\/2014\/03\/Poemes-de-Picardie-omslag.png?fit=855%2C1211&ssl=1","jetpack_sharing_enabled":true,"jetpack-related-posts":[{"id":10881,"url":"https:\/\/www.vanhellenberghubar.org\/index.php\/grande-parade\/","url_meta":{"origin":14340,"position":0},"title":"Grand&#8217; parade te Soissons","author":"Bernadette van Hellenberg Hubar","date":"12 februari 2018","format":false,"excerpt":"Grand' parade ... ... Onbeschaamd de dijen gespreid wachtte de faun de eeuwen af steunend op zijn geslacht een slang uit de doodskop van zijn buik Ontdekt als groteske in de ru\u00efnes van het paleis kreeg hij een plaats op het timpaan boven de voluut op de zuil die de\u2026","rel":"","context":"In &quot;Bern4dette&quot;","block_context":{"text":"Bern4dette","link":"https:\/\/www.vanhellenberghubar.org\/index.php\/category\/bern4dette\/"},"img":{"alt_text":"Het gedicht 'Grand' parade' in de bundel 'Po\u00e8mes de Picardie' uit 2009. Tekst en collage bvhh.nu 2009.","src":"https:\/\/i0.wp.com\/www.vanhellenberghubar.org\/wp-content\/uploads\/2018\/02\/Gom-Detail-Poemes-de-Picardi-groteske-Poul-de-Haan-IMG_7534.png?fit=684%2C734&ssl=1&resize=350%2C200","width":350,"height":200,"srcset":"https:\/\/i0.wp.com\/www.vanhellenberghubar.org\/wp-content\/uploads\/2018\/02\/Gom-Detail-Poemes-de-Picardi-groteske-Poul-de-Haan-IMG_7534.png?fit=684%2C734&ssl=1&resize=350%2C200 1x, https:\/\/i0.wp.com\/www.vanhellenberghubar.org\/wp-content\/uploads\/2018\/02\/Gom-Detail-Poemes-de-Picardi-groteske-Poul-de-Haan-IMG_7534.png?fit=684%2C734&ssl=1&resize=525%2C300 1.5x"},"classes":[]},{"id":12892,"url":"https:\/\/www.vanhellenberghubar.org\/index.php\/revisited\/","url_meta":{"origin":14340,"position":1},"title":"Revisited | En suivant (2011)","author":"Bernadette van Hellenberg Hubar","date":"3 december 2018","format":false,"excerpt":"Revisited \u2014\u00a0Toen ik vorig jaar (2017) startte met de rubriek\u00a0'Gedicht op maandag',\u00a0voelde ik me rond Sinterklaas zowaar overvallen door de Goedheiligman, wat toch vreemd is voor een jaarlijks terugkerend feest. 'Doe ik nu net alsof er niets aan de hand is, of speel ik er op in?'\u00a0Het werd het laatste.\u2026","rel":"","context":"In &quot;Bern4dette&quot;","block_context":{"text":"Bern4dette","link":"https:\/\/www.vanhellenberghubar.org\/index.php\/category\/bern4dette\/"},"img":{"alt_text":"","src":"https:\/\/i0.wp.com\/www.vanhellenberghubar.org\/wp-content\/uploads\/2018\/12\/Bernadette-en-Annelei-door-Poul-de-Haan-2009.png?resize=350%2C200&ssl=1","width":350,"height":200,"srcset":"https:\/\/i0.wp.com\/www.vanhellenberghubar.org\/wp-content\/uploads\/2018\/12\/Bernadette-en-Annelei-door-Poul-de-Haan-2009.png?resize=350%2C200&ssl=1 1x, https:\/\/i0.wp.com\/www.vanhellenberghubar.org\/wp-content\/uploads\/2018\/12\/Bernadette-en-Annelei-door-Poul-de-Haan-2009.png?resize=525%2C300&ssl=1 1.5x, https:\/\/i0.wp.com\/www.vanhellenberghubar.org\/wp-content\/uploads\/2018\/12\/Bernadette-en-Annelei-door-Poul-de-Haan-2009.png?resize=700%2C400&ssl=1 2x"},"classes":[]},{"id":12015,"url":"https:\/\/www.vanhellenberghubar.org\/index.php\/le-va-et-vient\/","url_meta":{"origin":14340,"position":2},"title":"Le va et vient \u00e0 Pierrefonds","author":"Bernadette van Hellenberg Hubar","date":"21 mei 2018","format":false,"excerpt":"Le va et vient \u00e0 Pierrefonds ... ... Le va et vient ... het plein van Pierrefonds lost op in een markt waar mensen slenteren ... Iedere gevel als een apart gebouw organisch gegroeid tous les temps, tous les lieux ogenschijnlijk lukraak maar au fond resultaat van een tekentafel waar\u2026","rel":"","context":"In &quot;Bern4dette&quot;","block_context":{"text":"Bern4dette","link":"https:\/\/www.vanhellenberghubar.org\/index.php\/category\/bern4dette\/"},"img":{"alt_text":"E.E. Viollet-le-Duc (ontwerp), De bouwvakker in een van de sluitstenen van kasteel Pierrefonds (1861-1885). Foto Poul de Haan (2008).","src":"https:\/\/i0.wp.com\/www.vanhellenberghubar.org\/wp-content\/uploads\/2018\/05\/Poul-de-Haan-Pierrefonds-2008-P6010050.jpg?fit=1200%2C893&ssl=1&resize=350%2C200","width":350,"height":200,"srcset":"https:\/\/i0.wp.com\/www.vanhellenberghubar.org\/wp-content\/uploads\/2018\/05\/Poul-de-Haan-Pierrefonds-2008-P6010050.jpg?fit=1200%2C893&ssl=1&resize=350%2C200 1x, https:\/\/i0.wp.com\/www.vanhellenberghubar.org\/wp-content\/uploads\/2018\/05\/Poul-de-Haan-Pierrefonds-2008-P6010050.jpg?fit=1200%2C893&ssl=1&resize=525%2C300 1.5x, https:\/\/i0.wp.com\/www.vanhellenberghubar.org\/wp-content\/uploads\/2018\/05\/Poul-de-Haan-Pierrefonds-2008-P6010050.jpg?fit=1200%2C893&ssl=1&resize=700%2C400 2x, https:\/\/i0.wp.com\/www.vanhellenberghubar.org\/wp-content\/uploads\/2018\/05\/Poul-de-Haan-Pierrefonds-2008-P6010050.jpg?fit=1200%2C893&ssl=1&resize=1050%2C600 3x"},"classes":[]},{"id":15074,"url":"https:\/\/www.vanhellenberghubar.org\/index.php\/meesterteken\/","url_meta":{"origin":14340,"position":3},"title":"Meesterteken | Akkoorden","author":"Bernadette van Hellenberg Hubar","date":"21 juli 2019","format":false,"excerpt":"Meesterteken | Akkoorden\u00a0gaat over de haptische schoonheid van historisch metselwerk en de metaforische inwisselbaarheid van steen en woord. Je vindt dit tweelinggedicht in de bundel Een moment in zijn eeuwigheid\u00a0uit 2008.*\u00a0\u00a0 ... Meesterteken| Akkoorden kwam tot stand tijdens de tweede\u00a0excursie die ik met Kunst der Vormen meemaakte, opnieuw georganiseerd door\u2026","rel":"","context":"In &quot;Bern4dette&quot;","block_context":{"text":"Bern4dette","link":"https:\/\/www.vanhellenberghubar.org\/index.php\/category\/bern4dette\/"},"img":{"alt_text":"","src":"https:\/\/i0.wp.com\/www.vanhellenberghubar.org\/wp-content\/uploads\/2021\/07\/Meesterteken-Akkoorden-vierkant.png?fit=718%2C719&ssl=1&resize=350%2C200","width":350,"height":200,"srcset":"https:\/\/i0.wp.com\/www.vanhellenberghubar.org\/wp-content\/uploads\/2021\/07\/Meesterteken-Akkoorden-vierkant.png?fit=718%2C719&ssl=1&resize=350%2C200 1x, https:\/\/i0.wp.com\/www.vanhellenberghubar.org\/wp-content\/uploads\/2021\/07\/Meesterteken-Akkoorden-vierkant.png?fit=718%2C719&ssl=1&resize=525%2C300 1.5x, https:\/\/i0.wp.com\/www.vanhellenberghubar.org\/wp-content\/uploads\/2021\/07\/Meesterteken-Akkoorden-vierkant.png?fit=718%2C719&ssl=1&resize=700%2C400 2x"},"classes":[]},{"id":1497,"url":"https:\/\/www.vanhellenberghubar.org\/index.php\/mahi-binebine-in-musee-de-la-palmeraie-marrakesh\/","url_meta":{"origin":14340,"position":4},"title":"Mahi Binebine in Mus\u00e9e de la Palmeraie, Marrakesh","author":"Bernadette van Hellenberg Hubar","date":"17 april 2014","format":false,"excerpt":"Voor wie de komende weken Marrakesh bezoekt, is dit een echte aanrader! Museum \u2014 De tuin van de palmerij te Marrakesh is al zo'n feest, maar ondertussen mag het museum bij deze uitspanning zeker niet vergeten worden: het toont hedendaagse Marokkaanse kunst van een niveau dat je zo naar Nederland\u2026","rel":"","context":"In &quot;Bern4dette&quot;","block_context":{"text":"Bern4dette","link":"https:\/\/www.vanhellenberghubar.org\/index.php\/category\/bern4dette\/"},"img":{"alt_text":"","src":"https:\/\/i0.wp.com\/www.vanhellenberghubar.org\/wp-content\/uploads\/2014\/04\/Marrakesh-bvhh-19-26-mrt-14-medium-128.jpg?resize=350%2C200&ssl=1","width":350,"height":200,"srcset":"https:\/\/i0.wp.com\/www.vanhellenberghubar.org\/wp-content\/uploads\/2014\/04\/Marrakesh-bvhh-19-26-mrt-14-medium-128.jpg?resize=350%2C200&ssl=1 1x, https:\/\/i0.wp.com\/www.vanhellenberghubar.org\/wp-content\/uploads\/2014\/04\/Marrakesh-bvhh-19-26-mrt-14-medium-128.jpg?resize=525%2C300&ssl=1 1.5x"},"classes":[]},{"id":4409,"url":"https:\/\/www.vanhellenberghubar.org\/index.php\/veronica\/","url_meta":{"origin":14340,"position":5},"title":"Veronica","author":"Bernadette van Hellenberg Hubar","date":"19 oktober 2014","format":false,"excerpt":"Moet je kijken hoe mooi! Dit is een van de muurschilderingen in de kapel van het heilig Aanschijn in de Servaaskerk te Maastricht die eind negentiende eeuw onder leiding van Pierre J.H. Cuypers tot stand is gekomen. Centraal daarin staat de verering van de doek van Veronica waaraan de afbeelding\u2026","rel":"","context":"In &quot;Cuypers&quot;","block_context":{"text":"Cuypers","link":"https:\/\/www.vanhellenberghubar.org\/index.php\/category\/onderzoek\/cuypers\/"},"img":{"alt_text":"Pierre J.H. Cuypers, Detail van de meander in de kapel van het heilig Aanschijn in de Servaaskerk te Maastricht. bvhh.nu 2014.","src":"https:\/\/i0.wp.com\/www.vanhellenberghubar.org\/wp-content\/uploads\/2014\/10\/000040-Detail-meander-kapel-h.-Aanschijn-Servaaskerk-1.jpg?fit=595%2C300&ssl=1&resize=350%2C200","width":350,"height":200,"srcset":"https:\/\/i0.wp.com\/www.vanhellenberghubar.org\/wp-content\/uploads\/2014\/10\/000040-Detail-meander-kapel-h.-Aanschijn-Servaaskerk-1.jpg?fit=595%2C300&ssl=1&resize=350%2C200 1x, https:\/\/i0.wp.com\/www.vanhellenberghubar.org\/wp-content\/uploads\/2014\/10\/000040-Detail-meander-kapel-h.-Aanschijn-Servaaskerk-1.jpg?fit=595%2C300&ssl=1&resize=525%2C300 1.5x"},"classes":[]}],"jetpack_likes_enabled":true,"_links":{"self":[{"href":"https:\/\/www.vanhellenberghubar.org\/index.php\/wp-json\/wp\/v2\/posts\/14340","targetHints":{"allow":["GET"]}}],"collection":[{"href":"https:\/\/www.vanhellenberghubar.org\/index.php\/wp-json\/wp\/v2\/posts"}],"about":[{"href":"https:\/\/www.vanhellenberghubar.org\/index.php\/wp-json\/wp\/v2\/types\/post"}],"author":[{"embeddable":true,"href":"https:\/\/www.vanhellenberghubar.org\/index.php\/wp-json\/wp\/v2\/users\/2"}],"replies":[{"embeddable":true,"href":"https:\/\/www.vanhellenberghubar.org\/index.php\/wp-json\/wp\/v2\/comments?post=14340"}],"version-history":[{"count":14,"href":"https:\/\/www.vanhellenberghubar.org\/index.php\/wp-json\/wp\/v2\/posts\/14340\/revisions"}],"predecessor-version":[{"id":14400,"href":"https:\/\/www.vanhellenberghubar.org\/index.php\/wp-json\/wp\/v2\/posts\/14340\/revisions\/14400"}],"wp:featuredmedia":[{"embeddable":true,"href":"https:\/\/www.vanhellenberghubar.org\/index.php\/wp-json\/wp\/v2\/media\/10250"}],"wp:attachment":[{"href":"https:\/\/www.vanhellenberghubar.org\/index.php\/wp-json\/wp\/v2\/media?parent=14340"}],"wp:term":[{"taxonomy":"category","embeddable":true,"href":"https:\/\/www.vanhellenberghubar.org\/index.php\/wp-json\/wp\/v2\/categories?post=14340"},{"taxonomy":"post_tag","embeddable":true,"href":"https:\/\/www.vanhellenberghubar.org\/index.php\/wp-json\/wp\/v2\/tags?post=14340"}],"curies":[{"name":"wp","href":"https:\/\/api.w.org\/{rel}","templated":true}]}}